{"id":244,"date":"2023-05-24T07:15:11","date_gmt":"2023-05-24T10:15:11","guid":{"rendered":"https:\/\/architecturehub.liquid-themes.com\/elementor\/?p=244"},"modified":"2024-06-25T18:21:29","modified_gmt":"2024-06-25T21:21:29","slug":"lancamento-unico-album-conceitual-com-a-excelencia-de-fernandinho","status":"publish","type":"post","link":"https:\/\/ministeriofazchover.com.br\/fernandinho\/lancamento-unico-album-conceitual-com-a-excelencia-de-fernandinho\/","title":{"rendered":"LAN\u00c7AMENTO \u201c\u00daNICO\u201d, \u00c1LBUM CONCEITUAL COM A EXCEL\u00caNCIA DE FERNANDINHO"},"content":{"rendered":"\t\t<div data-elementor-type=\"wp-post\" data-elementor-id=\"244\" class=\"elementor elementor-244\">\n\t\t\t\t\t\t<section class=\"elementor-section elementor-top-section elementor-element elementor-element-16f3edf5 elementor-section-boxed elementor-section-height-default elementor-section-height-default\" data-id=\"16f3edf5\" data-element_type=\"section\">\n\t\t\t\t\t\t<div class=\"elementor-container elementor-column-gap-default\">\n\t\t\t\t\t<div class=\"elementor-column elementor-col-100 elementor-top-column elementor-element elementor-element-4319d734\" data-id=\"4319d734\" data-element_type=\"column\">\n\t\t\t<div class=\"elementor-widget-wrap elementor-element-populated\">\n\t\t\t\t\t\t<div class=\"elementor-element elementor-element-27cd7b21 elementor-widget elementor-widget-text-editor\" data-id=\"27cd7b21\" data-element_type=\"widget\" data-widget_type=\"text-editor.default\">\n\t\t\t\t<div class=\"elementor-widget-container\">\n\t\t\t\t\t\t\t\t\t<p>Na noite desta segunda-feira (10), Fernandinho promoveu uma pr\u00e9-estreia nos cinemas para o lan\u00e7amento de seu novo \u00e1lbum,\u00a0\u00fanico. A sess\u00e3o aconteceu no rio de janeiro e foi exclusiva para amigos, jornalistas e influenciadores. Estiveram nomes como os cantores Bruna Karla, Midian Lima, Marine Friesen, Brun\u00e3o do Morada, Marcus Salles e os influenciadores Elaine Mickely, Luigi C\u00e9sar, J\u00falia Vieira e Guilherme Batista.<\/p>\t\t\t\t\t\t\t\t<\/div>\n\t\t\t\t<\/div>\n\t\t\t\t<div class=\"elementor-element elementor-element-3a9888ef elementor-widget elementor-widget-hub_fancy_heading\" data-id=\"3a9888ef\" data-element_type=\"widget\" data-widget_type=\"hub_fancy_heading.default\">\n\t\t\t\t<div class=\"elementor-widget-container\">\n\t\t\t\t\t\n\t\t<div id=\"ld-fancy-heading-69f2da98c013a\" class=\"ld-fancy-heading pos-rel\">\n\t\t\t<h4 class=\"ld-fh-element d-inline-block pos-rel  elementor-heading-title lqd-highlight-classic lqd-highlight-grow-left h4\"  > Lan\u00e7amento \u201c\u00daNICO\u201d<\/h4>\t\t<\/div>\n\n\t\t\t\t\t\t<\/div>\n\t\t\t\t<\/div>\n\t\t\t\t\t<\/div>\n\t\t<\/div>\n\t\t\t\t\t<\/div>\n\t\t<\/section>\n\t\t\t\t<section class=\"elementor-section elementor-top-section elementor-element elementor-element-7cfadd1d elementor-section-boxed elementor-section-height-default elementor-section-height-default\" data-id=\"7cfadd1d\" data-element_type=\"section\" data-settings=\"{&quot;background_background&quot;:&quot;classic&quot;}\">\n\t\t\t\t\t\t<div class=\"elementor-container elementor-column-gap-default\">\n\t\t\t\t\t<div class=\"elementor-column elementor-col-100 elementor-top-column elementor-element elementor-element-7c78e17\" data-id=\"7c78e17\" data-element_type=\"column\">\n\t\t\t<div class=\"elementor-widget-wrap elementor-element-populated\">\n\t\t\t\t\t\t<div class=\"elementor-element elementor-element-139d6914 elementor-widget elementor-widget-text-editor\" data-id=\"139d6914\" data-element_type=\"widget\" data-widget_type=\"text-editor.default\">\n\t\t\t\t<div class=\"elementor-widget-container\">\n\t\t\t\t\t\t\t\t\t<p>Na noite desta segunda-feira (10), Fernandinho promoveu uma pr\u00e9-estreia nos cinemas para o lan\u00e7amento de seu novo \u00e1lbum,\u00a0\u00fanico. A sess\u00e3o aconteceu no rio de janeiro e foi exclusiva para amigos, jornalistas e influenciadores. Estiveram nomes como os cantores Bruna Karla, Midian Lima, Marine Friesen, Brun\u00e3o do Morada, Marcus Salles e os influenciadores Elaine Mickely, Luigi C\u00e9sar, J\u00falia Vieira e Guilherme Batista.<\/p>\t\t\t\t\t\t\t\t<\/div>\n\t\t\t\t<\/div>\n\t\t\t\t<div class=\"elementor-element elementor-element-545d5a22 elementor-widget-divider--view-line elementor-widget elementor-widget-divider\" data-id=\"545d5a22\" data-element_type=\"widget\" data-widget_type=\"divider.default\">\n\t\t\t\t<div class=\"elementor-widget-container\">\n\t\t\t\t\t\t\t<div class=\"elementor-divider\">\n\t\t\t<span class=\"elementor-divider-separator\">\n\t\t\t\t\t\t<\/span>\n\t\t<\/div>\n\t\t\t\t\t\t<\/div>\n\t\t\t\t<\/div>\n\t\t\t\t<div class=\"elementor-element elementor-element-23407765 elementor-widget elementor-widget-hub_fancy_heading\" data-id=\"23407765\" data-element_type=\"widget\" data-widget_type=\"hub_fancy_heading.default\">\n\t\t\t\t<div class=\"elementor-widget-container\">\n\t\t\t\t\t\n\t\t<div id=\"ld-fancy-heading-69f2da98c1112\" class=\"ld-fancy-heading pos-rel\">\n\t\t\t<h6 class=\"ld-fh-element d-inline-block pos-rel  elementor-heading-title lqd-highlight-classic lqd-highlight-grow-left h6\"  > fernandinho<\/h6>\t\t<\/div>\n\n\t\t\t\t\t\t<\/div>\n\t\t\t\t<\/div>\n\t\t\t\t\t<\/div>\n\t\t<\/div>\n\t\t\t\t\t<\/div>\n\t\t<\/section>\n\t\t\t\t<section class=\"elementor-section elementor-top-section elementor-element elementor-element-7e61355c elementor-section-boxed elementor-section-height-default elementor-section-height-default\" data-id=\"7e61355c\" data-element_type=\"section\">\n\t\t\t\t\t\t<div class=\"elementor-container elementor-column-gap-default\">\n\t\t\t\t\t<div class=\"elementor-column elementor-col-100 elementor-top-column elementor-element elementor-element-6d4bf1a2\" data-id=\"6d4bf1a2\" data-element_type=\"column\">\n\t\t\t<div class=\"elementor-widget-wrap elementor-element-populated\">\n\t\t\t\t\t\t<div class=\"elementor-element elementor-element-65adadab elementor-widget elementor-widget-hub_fancy_heading\" data-id=\"65adadab\" data-element_type=\"widget\" data-widget_type=\"hub_fancy_heading.default\">\n\t\t\t\t<div class=\"elementor-widget-container\">\n\t\t\t\t\t\n\t\t<div id=\"ld-fancy-heading-69f2da98c1868\" class=\"ld-fancy-heading pos-rel\">\n\t\t\t<h4 class=\"ld-fh-element d-inline-block pos-rel  elementor-heading-title lqd-highlight-classic lqd-highlight-grow-left h4\"  > Lan\u00e7amento \u201c\u00daNICO\u201d<\/h4>\t\t<\/div>\n\n\t\t\t\t\t\t<\/div>\n\t\t\t\t<\/div>\n\t\t\t\t<div class=\"elementor-element elementor-element-6340bef8 elementor-widget elementor-widget-text-editor\" data-id=\"6340bef8\" data-element_type=\"widget\" data-widget_type=\"text-editor.default\">\n\t\t\t\t<div class=\"elementor-widget-container\">\n\t\t\t\t\t\t\t\t\t<p>Na noite desta segunda-feira (10), Fernandinho promoveu uma pr\u00e9-estreia nos cinemas para o lan\u00e7amento de seu novo \u00e1lbum,\u00a0\u00fanico. A sess\u00e3o aconteceu no rio de janeiro e foi exclusiva para amigos, jornalistas e influenciadores. Estiveram nomes como os cantores Bruna Karla, Midian Lima, Marine Friesen, Brun\u00e3o do Morada, Marcus Salles e os influenciadores Elaine Mickely, Luigi C\u00e9sar, J\u00falia Vieira e Guilherme Batista.<\/p>\t\t\t\t\t\t\t\t<\/div>\n\t\t\t\t<\/div>\n\t\t\t\t\t<\/div>\n\t\t<\/div>\n\t\t\t\t\t<\/div>\n\t\t<\/section>\n\t\t\t\t<section class=\"elementor-section elementor-top-section elementor-element elementor-element-74867f07 elementor-section-boxed elementor-section-height-default elementor-section-height-default\" data-id=\"74867f07\" data-element_type=\"section\">\n\t\t\t\t\t\t<div class=\"elementor-container elementor-column-gap-default\">\n\t\t\t\t\t<div class=\"elementor-column elementor-col-100 elementor-top-column elementor-element elementor-element-58572777\" data-id=\"58572777\" data-element_type=\"column\">\n\t\t\t<div class=\"elementor-widget-wrap elementor-element-populated\">\n\t\t\t\t\t\t<div class=\"elementor-element elementor-element-172875ab elementor-widget elementor-widget-ld_fancy_image\" data-id=\"172875ab\" data-element_type=\"widget\" data-widget_type=\"ld_fancy_image.default\">\n\t\t\t\t<div class=\"elementor-widget-container\">\n\t\t\t\t\t\n\t\t<div class=\"lqd-imggrp-single d-block pos-rel \">\n\t\t\t<div class=\"lqd-imggrp-img-container d-inline-flex pos-rel align-items-center justify-content-center \">\n\t\t\t\t\t\t\t\t<figure class=\"w-100 pos-rel\">\n\t\t\t\t\t<img fetchpriority=\"high\" decoding=\"async\" width=\"1591\" height=\"900\" src=\"data:image\/svg+xml;charset=utf-8,%3Csvg xmlns%3D&#039;http%3A%2F%2Fwww.w3.org%2F2000%2Fsvg&#039; viewBox%3D&#039;0 0 1591 900&#039;%2F%3E\" class=\"attachment-full size-full wp-image-2156 ld-lazyload\" alt=\"\" itemprop=\"image\" data-src=\"https:\/\/ministeriofazchover.com.br\/fernandinho\/wp-content\/uploads\/2024\/02\/sliders-rodape-003.jpg\" data-srcset=\"https:\/\/ministeriofazchover.com.br\/fernandinho\/wp-content\/uploads\/2024\/02\/sliders-rodape-003.jpg 1591w, https:\/\/ministeriofazchover.com.br\/fernandinho\/wp-content\/uploads\/2024\/02\/sliders-rodape-003-300x170.jpg 300w, https:\/\/ministeriofazchover.com.br\/fernandinho\/wp-content\/uploads\/2024\/02\/sliders-rodape-003-1024x579.jpg 1024w, https:\/\/ministeriofazchover.com.br\/fernandinho\/wp-content\/uploads\/2024\/02\/sliders-rodape-003-1536x869.jpg 1536w, https:\/\/ministeriofazchover.com.br\/fernandinho\/wp-content\/uploads\/2024\/02\/sliders-rodape-003-600x339.jpg 600w\" data-sizes=\"(max-width: 1591px) 100vw, 1591px\" data-aspect=\"1.7677777777778\" \/>\t\t\t\t\t\t\t\t\t\t\t\t\t\t\t\t\t\t\t\t\t\t\t\t\t\t\t\t\t<\/figure>\n\t\t\t<\/div>\n\t\t<\/div>\n\n\t\t\t\t\t<\/div>\n\t\t\t\t<\/div>\n\t\t\t\t\t<\/div>\n\t\t<\/div>\n\t\t\t\t\t<\/div>\n\t\t<\/section>\n\t\t\t\t<section class=\"elementor-section elementor-top-section elementor-element elementor-element-35e48c04 elementor-section-boxed elementor-section-height-default elementor-section-height-default\" data-id=\"35e48c04\" data-element_type=\"section\">\n\t\t\t\t\t\t<div class=\"elementor-container elementor-column-gap-default\">\n\t\t\t\t\t<div class=\"elementor-column elementor-col-100 elementor-top-column elementor-element elementor-element-62b0368b\" data-id=\"62b0368b\" data-element_type=\"column\">\n\t\t\t<div class=\"elementor-widget-wrap elementor-element-populated\">\n\t\t\t\t\t\t<div class=\"elementor-element elementor-element-5731319 elementor-widget elementor-widget-text-editor\" data-id=\"5731319\" data-element_type=\"widget\" data-widget_type=\"text-editor.default\">\n\t\t\t\t<div class=\"elementor-widget-container\">\n\t\t\t\t\t\t\t\t\t<p>Estiveram nomes como os cantores<\/p><ul><li>Bruna Karla<\/li><li>Midian Lima<\/li><li>Marine Friesen<\/li><li>Brun\u00e3o do Morada<\/li><\/ul>\t\t\t\t\t\t\t\t<\/div>\n\t\t\t\t<\/div>\n\t\t\t\t\t<\/div>\n\t\t<\/div>\n\t\t\t\t\t<\/div>\n\t\t<\/section>\n\t\t\t\t<section class=\"elementor-section elementor-top-section elementor-element elementor-element-7a575da0 elementor-section-boxed elementor-section-height-default elementor-section-height-default\" data-id=\"7a575da0\" data-element_type=\"section\">\n\t\t\t\t\t\t<div class=\"elementor-container elementor-column-gap-default\">\n\t\t\t\t\t<div class=\"elementor-column elementor-col-100 elementor-top-column elementor-element elementor-element-58d5d626\" data-id=\"58d5d626\" data-element_type=\"column\">\n\t\t\t<div class=\"elementor-widget-wrap elementor-element-populated\">\n\t\t\t\t\t\t<div class=\"elementor-element elementor-element-a782372 elementor-widget elementor-widget-hub_fancy_heading\" data-id=\"a782372\" data-element_type=\"widget\" data-widget_type=\"hub_fancy_heading.default\">\n\t\t\t\t<div class=\"elementor-widget-container\">\n\t\t\t\t\t\n\t\t<div id=\"ld-fancy-heading-69f2da98c6cbc\" class=\"ld-fancy-heading pos-rel\">\n\t\t\t<h4 class=\"ld-fh-element d-inline-block pos-rel  elementor-heading-title lqd-highlight-classic lqd-highlight-grow-left h4\"  > Lan\u00e7amento \u201c\u00daNICO\u201d<\/h4>\t\t<\/div>\n\n\t\t\t\t\t\t<\/div>\n\t\t\t\t<\/div>\n\t\t\t\t<div class=\"elementor-element elementor-element-276725e7 elementor-widget elementor-widget-text-editor\" data-id=\"276725e7\" data-element_type=\"widget\" data-widget_type=\"text-editor.default\">\n\t\t\t\t<div class=\"elementor-widget-container\">\n\t\t\t\t\t\t\t\t\t<p>Na noite desta segunda-feira (10), Fernandinho promoveu uma pr\u00e9-estreia nos cinemas para o lan\u00e7amento de seu novo \u00e1lbum,\u00a0\u00fanico. A sess\u00e3o aconteceu no rio de janeiro e foi exclusiva para amigos, jornalistas e influenciadores. Estiveram nomes como os cantores Bruna Karla, Midian Lima, Marine Friesen, Brun\u00e3o do Morada, Marcus Salles e os influenciadores Elaine Mickely, Luigi C\u00e9sar, J\u00falia Vieira e Guilherme Batista.<\/p>\t\t\t\t\t\t\t\t<\/div>\n\t\t\t\t<\/div>\n\t\t\t\t\t<\/div>\n\t\t<\/div>\n\t\t\t\t\t<\/div>\n\t\t<\/section>\n\t\t\t\t<\/div>\n\t\t","protected":false},"excerpt":{"rendered":"<p>Na noite desta segunda-feira (10), Fernandinho promoveu uma pr\u00e9-estreia nos cinemas para o lan\u00e7amento de seu novo \u00e1lbum,\u00a0\u00fanico. A sess\u00e3o aconteceu no rio de janeiro e foi exclusiva para amigos, jornalistas e influenciadores. Estiveram nomes como os cantores Bruna Karla, Midian Lima, Marine Friesen, Brun\u00e3o do Morada, Marcus Salles e os influenciadores Elaine Mickely, Luigi [&hellip;]<\/p>\n","protected":false},"author":3,"featured_media":1947,"comment_status":"closed","ping_status":"closed","sticky":false,"template":"","format":"standard","meta":{"footnotes":""},"categories":[18,17,16],"tags":[20],"class_list":["post-244","post","type-post","status-publish","format-standard","has-post-thumbnail","hentry","category-lancamentos","category-na-estrada","category-noticias","tag-event"],"_links":{"self":[{"href":"https:\/\/ministeriofazchover.com.br\/fernandinho\/wp-json\/wp\/v2\/posts\/244","targetHints":{"allow":["GET"]}}],"collection":[{"href":"https:\/\/ministeriofazchover.com.br\/fernandinho\/wp-json\/wp\/v2\/posts"}],"about":[{"href":"https:\/\/ministeriofazchover.com.br\/fernandinho\/wp-json\/wp\/v2\/types\/post"}],"author":[{"embeddable":true,"href":"https:\/\/ministeriofazchover.com.br\/fernandinho\/wp-json\/wp\/v2\/users\/3"}],"replies":[{"embeddable":true,"href":"https:\/\/ministeriofazchover.com.br\/fernandinho\/wp-json\/wp\/v2\/comments?post=244"}],"version-history":[{"count":1,"href":"https:\/\/ministeriofazchover.com.br\/fernandinho\/wp-json\/wp\/v2\/posts\/244\/revisions"}],"predecessor-version":[{"id":6865,"href":"https:\/\/ministeriofazchover.com.br\/fernandinho\/wp-json\/wp\/v2\/posts\/244\/revisions\/6865"}],"wp:featuredmedia":[{"embeddable":true,"href":"https:\/\/ministeriofazchover.com.br\/fernandinho\/wp-json\/wp\/v2\/media\/1947"}],"wp:attachment":[{"href":"https:\/\/ministeriofazchover.com.br\/fernandinho\/wp-json\/wp\/v2\/media?parent=244"}],"wp:term":[{"taxonomy":"category","embeddable":true,"href":"https:\/\/ministeriofazchover.com.br\/fernandinho\/wp-json\/wp\/v2\/categories?post=244"},{"taxonomy":"post_tag","embeddable":true,"href":"https:\/\/ministeriofazchover.com.br\/fernandinho\/wp-json\/wp\/v2\/tags?post=244"}],"curies":[{"name":"wp","href":"https:\/\/api.w.org\/{rel}","templated":true}]}}