{"id":7353,"date":"2024-07-23T17:13:01","date_gmt":"2024-07-23T20:13:01","guid":{"rendered":"https:\/\/ministeriofazchover.com.br\/fernandinho\/?p=7353"},"modified":"2024-07-23T17:23:55","modified_gmt":"2024-07-23T20:23:55","slug":"estar-cheio-do-espirito-santo","status":"publish","type":"post","link":"https:\/\/ministeriofazchover.com.br\/fernandinho\/estar-cheio-do-espirito-santo\/","title":{"rendered":"ESTAR CHEIO DO ESP\u00cdRITO SANTO"},"content":{"rendered":"\t\t<div data-elementor-type=\"wp-post\" data-elementor-id=\"7353\" class=\"elementor elementor-7353\">\n\t\t\t\t\t\t<section class=\"elementor-section elementor-top-section elementor-element elementor-element-16f3edf5 elementor-section-boxed elementor-section-height-default elementor-section-height-default\" data-id=\"16f3edf5\" data-element_type=\"section\">\n\t\t\t\t\t\t<div class=\"elementor-container elementor-column-gap-default\">\n\t\t\t\t\t<div class=\"elementor-column elementor-col-100 elementor-top-column elementor-element elementor-element-4319d734\" data-id=\"4319d734\" data-element_type=\"column\">\n\t\t\t<div class=\"elementor-widget-wrap elementor-element-populated\">\n\t\t\t\t\t\t<div class=\"elementor-element elementor-element-aeaec08 elementor-widget elementor-widget-text-editor\" data-id=\"aeaec08\" data-element_type=\"widget\" data-widget_type=\"text-editor.default\">\n\t\t\t\t<div class=\"elementor-widget-container\">\n\t\t\t\t\t\t\t\t\t<h4><b>UMA NECESSIDADE URGENTE PARA A VIDA CRIST\u00c3<\/b><\/h4><p><span style=\"font-weight: 400;\">Vivemos em uma era onde somos constantemente bombardeados por diferentes influ\u00eancias e est\u00edmulos. Assim como a nossa alimenta\u00e7\u00e3o f\u00edsica impacta diretamente nossa sa\u00fade, o que consumimos espiritualmente tamb\u00e9m molda nossa vida. Jesus nos chama a uma vida cheia do Esp\u00edrito Santo, e essa plenitude \u00e9 essencial para uma caminhada crist\u00e3 aut\u00eantica e transformadora.<\/span><\/p><p><span style=\"font-weight: 400;\">A B\u00edblia nos ensina que somos o resultado do que permitimos entrar em nossa vida. Em Prov\u00e9rbios 4:23, lemos: <\/span><\/p>\t\t\t\t\t\t\t\t<\/div>\n\t\t\t\t<\/div>\n\t\t\t\t\t<\/div>\n\t\t<\/div>\n\t\t\t\t\t<\/div>\n\t\t<\/section>\n\t\t\t\t<section class=\"elementor-section elementor-top-section elementor-element elementor-element-7cfadd1d elementor-section-boxed elementor-section-height-default elementor-section-height-default\" data-id=\"7cfadd1d\" data-element_type=\"section\" data-settings=\"{&quot;background_background&quot;:&quot;classic&quot;}\">\n\t\t\t\t\t\t<div class=\"elementor-container elementor-column-gap-default\">\n\t\t\t\t\t<div class=\"elementor-column elementor-col-100 elementor-top-column elementor-element elementor-element-7c78e17\" data-id=\"7c78e17\" data-element_type=\"column\">\n\t\t\t<div class=\"elementor-widget-wrap elementor-element-populated\">\n\t\t\t\t\t\t<div class=\"elementor-element elementor-element-139d6914 elementor-widget elementor-widget-text-editor\" data-id=\"139d6914\" data-element_type=\"widget\" data-widget_type=\"text-editor.default\">\n\t\t\t\t<div class=\"elementor-widget-container\">\n\t\t\t\t\t\t\t\t\t<p><span style=\"font-weight: 400;\">&#8220;Acima de tudo, guarde o seu cora\u00e7\u00e3o, pois dele depende toda a sua vida.&#8221; <\/span><\/p>\t\t\t\t\t\t\t\t<\/div>\n\t\t\t\t<\/div>\n\t\t\t\t<div class=\"elementor-element elementor-element-545d5a22 elementor-widget-divider--view-line elementor-widget elementor-widget-divider\" data-id=\"545d5a22\" data-element_type=\"widget\" data-widget_type=\"divider.default\">\n\t\t\t\t<div class=\"elementor-widget-container\">\n\t\t\t\t\t\t\t<div class=\"elementor-divider\">\n\t\t\t<span class=\"elementor-divider-separator\">\n\t\t\t\t\t\t<\/span>\n\t\t<\/div>\n\t\t\t\t\t\t<\/div>\n\t\t\t\t<\/div>\n\t\t\t\t<div class=\"elementor-element elementor-element-23407765 elementor-widget elementor-widget-hub_fancy_heading\" data-id=\"23407765\" data-element_type=\"widget\" data-widget_type=\"hub_fancy_heading.default\">\n\t\t\t\t<div class=\"elementor-widget-container\">\n\t\t\t\t\t\n\t\t<div id=\"ld-fancy-heading-69f386893e670\" class=\"ld-fancy-heading pos-rel\">\n\t\t\t<h6 class=\"ld-fh-element d-inline-block pos-rel  elementor-heading-title lqd-highlight-classic lqd-highlight-grow-left h6\"  > Prov\u00e9rbios 4:23<\/h6>\t\t<\/div>\n\n\t\t\t\t\t\t<\/div>\n\t\t\t\t<\/div>\n\t\t\t\t\t<\/div>\n\t\t<\/div>\n\t\t\t\t\t<\/div>\n\t\t<\/section>\n\t\t\t\t<section class=\"elementor-section elementor-top-section elementor-element elementor-element-7e61355c elementor-section-boxed elementor-section-height-default elementor-section-height-default\" data-id=\"7e61355c\" data-element_type=\"section\">\n\t\t\t\t\t\t<div class=\"elementor-container elementor-column-gap-default\">\n\t\t\t\t\t<div class=\"elementor-column elementor-col-100 elementor-top-column elementor-element elementor-element-6d4bf1a2\" data-id=\"6d4bf1a2\" data-element_type=\"column\">\n\t\t\t<div class=\"elementor-widget-wrap elementor-element-populated\">\n\t\t\t\t\t\t<div class=\"elementor-element elementor-element-6340bef8 elementor-widget elementor-widget-text-editor\" data-id=\"6340bef8\" data-element_type=\"widget\" data-widget_type=\"text-editor.default\">\n\t\t\t\t<div class=\"elementor-widget-container\">\n\t\t\t\t\t\t\t\t\t<p><span style=\"font-weight: 400;\">Assim, devemos ser diligentes em consumir aquilo que edifica espiritualmente. Nossa vida espiritual n\u00e3o pode ser alimentada por influ\u00eancias negativas, mas deve ser fortalecida pela Palavra de Deus. Isso significa priorizar a leitura b\u00edblica, a ora\u00e7\u00e3o e a medita\u00e7\u00e3o nas Escrituras, al\u00e9m de participar de comunidades de f\u00e9 que incentivem o crescimento espiritual.<\/span><\/p>\t\t\t\t\t\t\t\t<\/div>\n\t\t\t\t<\/div>\n\t\t\t\t\t<\/div>\n\t\t<\/div>\n\t\t\t\t\t<\/div>\n\t\t<\/section>\n\t\t\t\t<section class=\"elementor-section elementor-inner-section elementor-element elementor-element-347a4e04 elementor-section-boxed elementor-section-height-default elementor-section-height-default\" data-id=\"347a4e04\" data-element_type=\"section\" data-settings=\"{&quot;background_background&quot;:&quot;classic&quot;}\">\n\t\t\t\t\t\t<div class=\"elementor-container elementor-column-gap-default\">\n\t\t\t\t\t<div class=\"elementor-column elementor-col-100 elementor-inner-column elementor-element elementor-element-581dc3fa\" data-id=\"581dc3fa\" data-element_type=\"column\">\n\t\t\t<div class=\"elementor-widget-wrap elementor-element-populated\">\n\t\t\t\t\t\t<div class=\"elementor-element elementor-element-7dd6932a elementor-widget elementor-widget-hub_fancy_heading\" data-id=\"7dd6932a\" data-element_type=\"widget\" data-widget_type=\"hub_fancy_heading.default\">\n\t\t\t\t<div class=\"elementor-widget-container\">\n\t\t\t\t\t\n\t\t<div id=\"ld-fancy-heading-69f386893f608\" class=\"ld-fancy-heading pos-rel\">\n\t\t\t<p class=\"ld-fh-element d-inline-block pos-rel  lqd-highlight-classic lqd-highlight-grow-left h4\"  > N\u00f3s precisamos nos encher do Esp\u00edrito Santo e entender a sufici\u00eancia do Esp\u00edrito Santo na nossa vida.<\/p>\t\t<\/div>\n\n\t\t\t\t\t\t<\/div>\n\t\t\t\t<\/div>\n\t\t\t\t\t<\/div>\n\t\t<\/div>\n\t\t\t\t\t<\/div>\n\t\t<\/section>\n\t\t\t\t<section class=\"elementor-section elementor-top-section elementor-element elementor-element-7b5c6c5 elementor-section-boxed elementor-section-height-default elementor-section-height-default\" data-id=\"7b5c6c5\" data-element_type=\"section\">\n\t\t\t\t\t\t<div class=\"elementor-container elementor-column-gap-default\">\n\t\t\t\t\t<div class=\"elementor-column elementor-col-100 elementor-top-column elementor-element elementor-element-9744e94\" data-id=\"9744e94\" data-element_type=\"column\">\n\t\t\t<div class=\"elementor-widget-wrap elementor-element-populated\">\n\t\t\t\t\t\t<div class=\"elementor-element elementor-element-dc627e6 elementor-widget elementor-widget-text-editor\" data-id=\"dc627e6\" data-element_type=\"widget\" data-widget_type=\"text-editor.default\">\n\t\t\t\t<div class=\"elementor-widget-container\">\n\t\t\t\t\t\t\t\t\t<h4><b>SANTOS COMO ELE \u00c9 SANTO<\/b><\/h4><p><span style=\"font-weight: 400;\">Fomos chamados para ser cheios do Esp\u00edrito Santo:<\/span><\/p>\t\t\t\t\t\t\t\t<\/div>\n\t\t\t\t<\/div>\n\t\t\t\t\t<\/div>\n\t\t<\/div>\n\t\t\t\t\t<\/div>\n\t\t<\/section>\n\t\t\t\t<section class=\"elementor-section elementor-top-section elementor-element elementor-element-8d7d658 elementor-section-boxed elementor-section-height-default elementor-section-height-default\" data-id=\"8d7d658\" data-element_type=\"section\" data-settings=\"{&quot;background_background&quot;:&quot;classic&quot;}\">\n\t\t\t\t\t\t<div class=\"elementor-container elementor-column-gap-default\">\n\t\t\t\t\t<div class=\"elementor-column elementor-col-100 elementor-top-column elementor-element elementor-element-e645495\" data-id=\"e645495\" data-element_type=\"column\">\n\t\t\t<div class=\"elementor-widget-wrap elementor-element-populated\">\n\t\t\t\t\t\t<div class=\"elementor-element elementor-element-596cb46 elementor-widget elementor-widget-text-editor\" data-id=\"596cb46\" data-element_type=\"widget\" data-widget_type=\"text-editor.default\">\n\t\t\t\t<div class=\"elementor-widget-container\">\n\t\t\t\t\t\t\t\t\t<p><span style=\"font-weight: 400;\">&#8220;E n\u00e3o vos embriagueis com vinho, no qual h\u00e1 dissolu\u00e7\u00e3o, mas enchei-vos do Esp\u00edrito.&#8221; <\/span><\/p>\t\t\t\t\t\t\t\t<\/div>\n\t\t\t\t<\/div>\n\t\t\t\t<div class=\"elementor-element elementor-element-9556f45 elementor-widget-divider--view-line elementor-widget elementor-widget-divider\" data-id=\"9556f45\" data-element_type=\"widget\" data-widget_type=\"divider.default\">\n\t\t\t\t<div class=\"elementor-widget-container\">\n\t\t\t\t\t\t\t<div class=\"elementor-divider\">\n\t\t\t<span class=\"elementor-divider-separator\">\n\t\t\t\t\t\t<\/span>\n\t\t<\/div>\n\t\t\t\t\t\t<\/div>\n\t\t\t\t<\/div>\n\t\t\t\t<div class=\"elementor-element elementor-element-701e817 elementor-widget elementor-widget-hub_fancy_heading\" data-id=\"701e817\" data-element_type=\"widget\" data-widget_type=\"hub_fancy_heading.default\">\n\t\t\t\t<div class=\"elementor-widget-container\">\n\t\t\t\t\t\n\t\t<div id=\"ld-fancy-heading-69f38689408e4\" class=\"ld-fancy-heading pos-rel\">\n\t\t\t<h6 class=\"ld-fh-element d-inline-block pos-rel  elementor-heading-title lqd-highlight-classic lqd-highlight-grow-left h6\"  > Ef\u00e9sios 5:18<\/h6>\t\t<\/div>\n\n\t\t\t\t\t\t<\/div>\n\t\t\t\t<\/div>\n\t\t\t\t\t<\/div>\n\t\t<\/div>\n\t\t\t\t\t<\/div>\n\t\t<\/section>\n\t\t\t\t<section class=\"elementor-section elementor-top-section elementor-element elementor-element-7a575da0 elementor-section-boxed elementor-section-height-default elementor-section-height-default\" data-id=\"7a575da0\" data-element_type=\"section\">\n\t\t\t\t\t\t<div class=\"elementor-container elementor-column-gap-default\">\n\t\t\t\t\t<div class=\"elementor-column elementor-col-100 elementor-top-column elementor-element elementor-element-58d5d626\" data-id=\"58d5d626\" data-element_type=\"column\">\n\t\t\t<div class=\"elementor-widget-wrap elementor-element-populated\">\n\t\t\t\t\t\t<div class=\"elementor-element elementor-element-a5da6b6 elementor-widget elementor-widget-text-editor\" data-id=\"a5da6b6\" data-element_type=\"widget\" data-widget_type=\"text-editor.default\">\n\t\t\t\t<div class=\"elementor-widget-container\">\n\t\t\t\t\t\t\t\t\t<p><span style=\"font-weight: 400;\">Ser cheio do Esp\u00edrito Santo vai al\u00e9m de uma experi\u00eancia emocional; \u00e9 uma transforma\u00e7\u00e3o profunda e cont\u00ednua que afeta todos os aspectos da nossa vida. O Esp\u00edrito Santo nos capacita a viver de acordo com a vontade de Deus, nos dando for\u00e7a, sabedoria e discernimento. Ele nos ajuda a vencer as tenta\u00e7\u00f5es e a viver uma vida que glorifica a Deus. Essa plenitude nos leva a buscar intimidade com Deus e a viver uma vida de obedi\u00eancia e santidade.<\/span><\/p><p><span style=\"font-weight: 400;\">Jesus disse em Mateus 7:20: <em>&#8220;Portanto, pelos seus frutos os conhecereis.&#8221;<\/em> A verdadeira transforma\u00e7\u00e3o espiritual deve ser vis\u00edvel em nossas a\u00e7\u00f5es e decis\u00f5es di\u00e1rias. N\u00e3o basta uma experi\u00eancia superficial; \u00e9 necess\u00e1rio um compromisso profundo com Cristo, que se reflete em uma mudan\u00e7a genu\u00edna de vida. Isso inclui renunciar ao pecado, seguir os ensinamentos de Jesus e buscar continuamente a vontade de Deus para nossas vidas. Nossa f\u00e9 deve ser evidente em nossas atitudes, palavras e comportamentos.<\/span><\/p><p><span style=\"font-weight: 400;\">Devemos encher nossos cora\u00e7\u00f5es e mentes com coisas santas, evitando as influ\u00eancias carnais que podem nos desviar do caminho de Deus. Isso envolve discernir o que \u00e9 bom e agrad\u00e1vel a Deus e evitar o que \u00e9 mundano e pecaminoso. Atrav\u00e9s da leitura da B\u00edblia e da ora\u00e7\u00e3o, pedimos a Deus sabedoria e discernimento para viver de acordo com a Sua vontade.<\/span><\/p>\t\t\t\t\t\t\t\t<\/div>\n\t\t\t\t<\/div>\n\t\t\t\t\t<\/div>\n\t\t<\/div>\n\t\t\t\t\t<\/div>\n\t\t<\/section>\n\t\t\t\t<section class=\"elementor-section elementor-top-section elementor-element elementor-element-6e56a5b elementor-section-boxed elementor-section-height-default elementor-section-height-default\" data-id=\"6e56a5b\" data-element_type=\"section\">\n\t\t\t\t\t\t<div class=\"elementor-container elementor-column-gap-default\">\n\t\t\t\t\t<div class=\"elementor-column elementor-col-100 elementor-top-column elementor-element elementor-element-26ab5b6\" data-id=\"26ab5b6\" data-element_type=\"column\">\n\t\t\t<div class=\"elementor-widget-wrap elementor-element-populated\">\n\t\t\t\t\t\t<div class=\"elementor-element elementor-element-8d0d478 elementor-widget elementor-widget-text-editor\" data-id=\"8d0d478\" data-element_type=\"widget\" data-widget_type=\"text-editor.default\">\n\t\t\t\t<div class=\"elementor-widget-container\">\n\t\t\t\t\t\t\t\t\t<h4><b>A IMPORT\u00c2NCIA DO DISCERNIMENTO<\/b><\/h4><p><span style=\"font-weight: 400;\">H\u00e1 uma necessidade urgente de separar o que \u00e9 espiritualmente saud\u00e1vel do que n\u00e3o \u00e9. Devemos buscar a vontade de Deus em todas as \u00e1reas da nossa vida, evitando influ\u00eancias que possam nos afastar d&#8217;Ele. Isso significa rejeitar os valores e comportamentos do mundo que s\u00e3o contr\u00e1rios aos ensinamentos de Cristo e viver de maneira que glorifique a Deus.<\/span><\/p><p><span style=\"font-weight: 400;\">Em Jo\u00e3o 7:38, Jesus declara: <em>&#8220;Quem crer em mim, como diz a Escritura, do seu interior fluir\u00e3o rios de \u00e1gua viva.&#8221;<\/em> Precisamos buscar urgentemente a plenitude do Esp\u00edrito Santo, deixando para tr\u00e1s os antigos modos de viver e permitindo que a vida de Deus transborde em n\u00f3s. Isso significa permitir que o Esp\u00edrito Santo guie nossas decis\u00f5es, transforme nosso car\u00e1ter e nos capacite para cumprir a miss\u00e3o de Deus. Quanto mais nos enchemos do Esp\u00edrito Santo, mais refletimos o car\u00e1ter de Cristo e impactamos o mundo positivamente.<\/span><\/p><p><span style=\"font-weight: 400;\">Que Deus nos aben\u00e7oe e nos capacite a viver uma vida cheia do Seu Esp\u00edrito, buscando sempre as coisas do alto e refletindo a sua gl\u00f3ria em todas as \u00e1reas da nossa vida.<\/span><\/p><p>\u00a0<\/p>\t\t\t\t\t\t\t\t<\/div>\n\t\t\t\t<\/div>\n\t\t\t\t\t<\/div>\n\t\t<\/div>\n\t\t\t\t\t<\/div>\n\t\t<\/section>\n\t\t\t\t<section class=\"elementor-section elementor-top-section elementor-element elementor-element-6c6e9fdb elementor-section-boxed elementor-section-height-default elementor-section-height-default\" data-id=\"6c6e9fdb\" data-element_type=\"section\">\n\t\t\t\t\t\t<div class=\"elementor-container elementor-column-gap-default\">\n\t\t\t\t\t<div class=\"elementor-column elementor-col-100 elementor-top-column elementor-element elementor-element-7b6b7d8f\" data-id=\"7b6b7d8f\" data-element_type=\"column\">\n\t\t\t<div class=\"elementor-widget-wrap elementor-element-populated\">\n\t\t\t\t\t\t<section class=\"elementor-section elementor-inner-section elementor-element elementor-element-464d7254 elementor-section-boxed elementor-section-height-default elementor-section-height-default\" data-id=\"464d7254\" data-element_type=\"section\" data-settings=\"{&quot;background_background&quot;:&quot;classic&quot;}\">\n\t\t\t\t\t\t<div class=\"elementor-container elementor-column-gap-default\">\n\t\t\t\t\t<div class=\"elementor-column elementor-col-50 elementor-inner-column elementor-element elementor-element-12a03b49\" data-id=\"12a03b49\" data-element_type=\"column\">\n\t\t\t<div class=\"elementor-widget-wrap elementor-element-populated\">\n\t\t\t\t\t\t<div class=\"elementor-element elementor-element-42cf17f8 elementor-widget-tablet__width-initial elementor-widget elementor-widget-hub_fancy_heading\" data-id=\"42cf17f8\" data-element_type=\"widget\" data-widget_type=\"hub_fancy_heading.default\">\n\t\t\t\t<div class=\"elementor-widget-container\">\n\t\t\t\t\t\n\t\t<div id=\"ld-fancy-heading-69f3868941de1\" class=\"ld-fancy-heading pos-rel\">\n\t\t\t<h2 class=\"ld-fh-element d-inline-block pos-rel  elementor-heading-title lqd-highlight-classic lqd-highlight-grow-left h2\"  > Fa\u00e7a parte!<\/h2>\t\t<\/div>\n\n\t\t\t\t\t\t<\/div>\n\t\t\t\t<\/div>\n\t\t\t\t\t<\/div>\n\t\t<\/div>\n\t\t\t\t<div class=\"elementor-column elementor-col-50 elementor-inner-column elementor-element elementor-element-2e0c853e\" data-id=\"2e0c853e\" data-element_type=\"column\">\n\t\t\t<div class=\"elementor-widget-wrap elementor-element-populated\">\n\t\t\t\t\t\t<div class=\"elementor-element elementor-element-3bd449c7 elementor-align-right elementor-tablet-align-center elementor-widget-tablet__width-initial elementor-widget elementor-widget-ld_button\" data-id=\"3bd449c7\" data-element_type=\"widget\" data-widget_type=\"ld_button.default\">\n\t\t\t\t<div class=\"elementor-widget-container\">\n\t\t\t\t\t\n\t\t\t<a\n\t\t\t\thref=\"https:\/\/ministeriofazchover.com.br\/fernandinho\/escola\/\"class=\"elementor-button btn btn-solid btn-icon-right btn-hover-reveal btn-has-label\"\t\t\t>\n\t\t\t\t\t\t\t\t\t<span data-text=\"+ Informa\u00e7\u00f5es\" class=\"btn-txt\">\n\t\t\t\t\t\t+ Informa\u00e7\u00f5es\t\t\t\t\t<\/span>\n\t\t\t\t\t\t\t\t\t\t\t\t\t\t<span class=\"btn-icon\">\n\t\t\t\t\t\t\t<i aria-hidden=\"true\" class=\"lqd-icn-ess icon-md-arrow-forward\"><\/i>\t\t\t\t\t\t<\/span>\n\t\t\t\t\t\t\t\t\t<\/a>\n\t\t\t\t\t\t\t<\/div>\n\t\t\t\t<\/div>\n\t\t\t\t\t<\/div>\n\t\t<\/div>\n\t\t\t\t\t<\/div>\n\t\t<\/section>\n\t\t\t\t\t<\/div>\n\t\t<\/div>\n\t\t\t\t\t<\/div>\n\t\t<\/section>\n\t\t\t\t<section class=\"elementor-section elementor-inner-section elementor-element elementor-element-78e9a4a elementor-section-boxed elementor-section-height-default elementor-section-height-default\" data-id=\"78e9a4a\" data-element_type=\"section\" data-settings=\"{&quot;background_background&quot;:&quot;classic&quot;}\">\n\t\t\t\t\t\t<div class=\"elementor-container elementor-column-gap-default\">\n\t\t\t\t\t<div class=\"elementor-column elementor-col-100 elementor-inner-column elementor-element elementor-element-9b416a9\" data-id=\"9b416a9\" data-element_type=\"column\">\n\t\t\t<div class=\"elementor-widget-wrap elementor-element-populated\">\n\t\t\t\t\t\t<div class=\"elementor-element elementor-element-cdc0e45 elementor-widget elementor-widget-hub_fancy_heading\" data-id=\"cdc0e45\" data-element_type=\"widget\" data-widget_type=\"hub_fancy_heading.default\">\n\t\t\t\t<div class=\"elementor-widget-container\">\n\t\t\t\t\t\n\t\t<div id=\"ld-fancy-heading-69f38689440f9\" class=\"ld-fancy-heading pos-rel\">\n\t\t\t<p class=\"ld-fh-element d-inline-block pos-rel  lqd-highlight-classic lqd-highlight-grow-left h4\"  > Deixe as coisas velhas, deixe o antigo modo de viver, busque Deus por tudo aquilo que ele \u00e9.\n<\/p>\t\t<\/div>\n\n\t\t\t\t\t\t<\/div>\n\t\t\t\t<\/div>\n\t\t\t\t\t<\/div>\n\t\t<\/div>\n\t\t\t\t\t<\/div>\n\t\t<\/section>\n\t\t\t\t<\/div>\n\t\t","protected":false},"excerpt":{"rendered":"<p>Nosso servi\u00e7o a Deus deve come\u00e7ar em casa. A maneira como tratamos nossos familiares reflete diretamente em nosso minist\u00e9rio. Honrar nossos pais, amar nossos c\u00f4njuges e criar nossos filhos na admoesta\u00e7\u00e3o do Senhor s\u00e3o fundamentos essenciais para um minist\u00e9rio aben\u00e7oado e eficaz.<\/p>\n","protected":false},"author":3,"featured_media":7354,"comment_status":"closed","ping_status":"closed","sticky":false,"template":"","format":"standard","meta":{"footnotes":""},"categories":[44,33,34,32],"tags":[73,69,70,72,71,68],"class_list":["post-7353","post","type-post","status-publish","format-standard","has-post-thumbnail","hentry","category-direto-ao-assunto","category-familia","category-igreja","category-louvor-e-adoracao","tag-arrependimento","tag-carater-cristao","tag-familia","tag-honra","tag-ministerio","tag-principios"],"_links":{"self":[{"href":"https:\/\/ministeriofazchover.com.br\/fernandinho\/wp-json\/wp\/v2\/posts\/7353","targetHints":{"allow":["GET"]}}],"collection":[{"href":"https:\/\/ministeriofazchover.com.br\/fernandinho\/wp-json\/wp\/v2\/posts"}],"about":[{"href":"https:\/\/ministeriofazchover.com.br\/fernandinho\/wp-json\/wp\/v2\/types\/post"}],"author":[{"embeddable":true,"href":"https:\/\/ministeriofazchover.com.br\/fernandinho\/wp-json\/wp\/v2\/users\/3"}],"replies":[{"embeddable":true,"href":"https:\/\/ministeriofazchover.com.br\/fernandinho\/wp-json\/wp\/v2\/comments?post=7353"}],"version-history":[{"count":7,"href":"https:\/\/ministeriofazchover.com.br\/fernandinho\/wp-json\/wp\/v2\/posts\/7353\/revisions"}],"predecessor-version":[{"id":7361,"href":"https:\/\/ministeriofazchover.com.br\/fernandinho\/wp-json\/wp\/v2\/posts\/7353\/revisions\/7361"}],"wp:featuredmedia":[{"embeddable":true,"href":"https:\/\/ministeriofazchover.com.br\/fernandinho\/wp-json\/wp\/v2\/media\/7354"}],"wp:attachment":[{"href":"https:\/\/ministeriofazchover.com.br\/fernandinho\/wp-json\/wp\/v2\/media?parent=7353"}],"wp:term":[{"taxonomy":"category","embeddable":true,"href":"https:\/\/ministeriofazchover.com.br\/fernandinho\/wp-json\/wp\/v2\/categories?post=7353"},{"taxonomy":"post_tag","embeddable":true,"href":"https:\/\/ministeriofazchover.com.br\/fernandinho\/wp-json\/wp\/v2\/tags?post=7353"}],"curies":[{"name":"wp","href":"https:\/\/api.w.org\/{rel}","templated":true}]}}