{"id":7439,"date":"2024-08-14T16:51:17","date_gmt":"2024-08-14T19:51:17","guid":{"rendered":"https:\/\/ministeriofazchover.com.br\/fernandinho\/?p=7439"},"modified":"2024-08-15T13:04:14","modified_gmt":"2024-08-15T16:04:14","slug":"a-gloria-de-deus","status":"publish","type":"post","link":"https:\/\/ministeriofazchover.com.br\/fernandinho\/a-gloria-de-deus\/","title":{"rendered":"A GL\u00d3RIA DE DEUS"},"content":{"rendered":"\t\t<div data-elementor-type=\"wp-post\" data-elementor-id=\"7439\" class=\"elementor elementor-7439\">\n\t\t\t\t\t\t<section class=\"elementor-section elementor-top-section elementor-element elementor-element-16f3edf5 elementor-section-boxed elementor-section-height-default elementor-section-height-default\" data-id=\"16f3edf5\" data-element_type=\"section\">\n\t\t\t\t\t\t<div class=\"elementor-container elementor-column-gap-default\">\n\t\t\t\t\t<div class=\"elementor-column elementor-col-100 elementor-top-column elementor-element elementor-element-4319d734\" data-id=\"4319d734\" data-element_type=\"column\">\n\t\t\t<div class=\"elementor-widget-wrap elementor-element-populated\">\n\t\t\t\t\t\t<div class=\"elementor-element elementor-element-aeaec08 elementor-widget elementor-widget-text-editor\" data-id=\"aeaec08\" data-element_type=\"widget\" data-widget_type=\"text-editor.default\">\n\t\t\t\t<div class=\"elementor-widget-container\">\n\t\t\t\t\t\t\t\t\t<h4><b>ENTENDENDO SEU PROP\u00d3SITO E NOSSA MISS\u00c3O<\/b><\/h4><p><span style=\"font-weight: 400;\">No mundo moderno, muitas vezes nos perguntamos sobre o prop\u00f3sito de nossas vidas. Sabemos que a gl\u00f3ria de Deus \u00e9 manifesta em Sua majestade, obras, atributos e planos. A B\u00edblia nos revela que tudo foi criado para a gl\u00f3ria de Deus. Em Ef\u00e9sios 1:12, Paulo afirma: &#8220;a fim de que n\u00f3s, os que primeiro esperamos em Cristo, sejamos para o louvor da sua gl\u00f3ria.&#8221; Isso significa que nossa exist\u00eancia tem em si o prop\u00f3sito de exaltar a grandeza de Deus. Somos chamados para viver de maneira que reconhe\u00e7a e celebre a singularidade de Deus em todas as coisas.<\/span><\/p><h4><b>GLORIFICAR A DEUS EM MEIO AO SOFRIMENTO<\/b><\/h4><p><span style=\"font-weight: 400;\">Uma quest\u00e3o dif\u00edcil \u00e9 como o mal e o sofrimento no mundo podem glorificar a Deus. A verdade b\u00edblica \u00e9 que, no final de todas as coisas, Deus ser\u00e1 glorificado mesmo atrav\u00e9s do mal e do sofrimento. Em Romanos 8:28, Paulo nos assegura:<\/span><\/p>\t\t\t\t\t\t\t\t<\/div>\n\t\t\t\t<\/div>\n\t\t\t\t\t<\/div>\n\t\t<\/div>\n\t\t\t\t\t<\/div>\n\t\t<\/section>\n\t\t\t\t<section class=\"elementor-section elementor-top-section elementor-element elementor-element-7cfadd1d elementor-section-boxed elementor-section-height-default elementor-section-height-default\" data-id=\"7cfadd1d\" data-element_type=\"section\" data-settings=\"{&quot;background_background&quot;:&quot;classic&quot;}\">\n\t\t\t\t\t\t<div class=\"elementor-container elementor-column-gap-default\">\n\t\t\t\t\t<div class=\"elementor-column elementor-col-100 elementor-top-column elementor-element elementor-element-7c78e17\" data-id=\"7c78e17\" data-element_type=\"column\">\n\t\t\t<div class=\"elementor-widget-wrap elementor-element-populated\">\n\t\t\t\t\t\t<div class=\"elementor-element elementor-element-139d6914 elementor-widget elementor-widget-text-editor\" data-id=\"139d6914\" data-element_type=\"widget\" data-widget_type=\"text-editor.default\">\n\t\t\t\t<div class=\"elementor-widget-container\">\n\t\t\t\t\t\t\t\t\t<p><span style=\"font-weight: 400;\">\u00a0&#8220;Sabemos que Deus age em todas as coisas para o bem daqueles que o amam, dos que foram chamados segundo o seu prop\u00f3sito.&#8221;<\/span><\/p>\t\t\t\t\t\t\t\t<\/div>\n\t\t\t\t<\/div>\n\t\t\t\t<div class=\"elementor-element elementor-element-545d5a22 elementor-widget-divider--view-line elementor-widget elementor-widget-divider\" data-id=\"545d5a22\" data-element_type=\"widget\" data-widget_type=\"divider.default\">\n\t\t\t\t<div class=\"elementor-widget-container\">\n\t\t\t\t\t\t\t<div class=\"elementor-divider\">\n\t\t\t<span class=\"elementor-divider-separator\">\n\t\t\t\t\t\t<\/span>\n\t\t<\/div>\n\t\t\t\t\t\t<\/div>\n\t\t\t\t<\/div>\n\t\t\t\t<div class=\"elementor-element elementor-element-23407765 elementor-widget elementor-widget-hub_fancy_heading\" data-id=\"23407765\" data-element_type=\"widget\" data-widget_type=\"hub_fancy_heading.default\">\n\t\t\t\t<div class=\"elementor-widget-container\">\n\t\t\t\t\t\n\t\t<div id=\"ld-fancy-heading-69f386210c449\" class=\"ld-fancy-heading pos-rel\">\n\t\t\t<h6 class=\"ld-fh-element d-inline-block pos-rel  elementor-heading-title lqd-highlight-classic lqd-highlight-grow-left h6\"  > Romanos 8:28<\/h6>\t\t<\/div>\n\n\t\t\t\t\t\t<\/div>\n\t\t\t\t<\/div>\n\t\t\t\t\t<\/div>\n\t\t<\/div>\n\t\t\t\t\t<\/div>\n\t\t<\/section>\n\t\t\t\t<section class=\"elementor-section elementor-top-section elementor-element elementor-element-7e61355c elementor-section-boxed elementor-section-height-default elementor-section-height-default\" data-id=\"7e61355c\" data-element_type=\"section\">\n\t\t\t\t\t\t<div class=\"elementor-container elementor-column-gap-default\">\n\t\t\t\t\t<div class=\"elementor-column elementor-col-100 elementor-top-column elementor-element elementor-element-6d4bf1a2\" data-id=\"6d4bf1a2\" data-element_type=\"column\">\n\t\t\t<div class=\"elementor-widget-wrap elementor-element-populated\">\n\t\t\t\t\t\t<div class=\"elementor-element elementor-element-6340bef8 elementor-widget elementor-widget-text-editor\" data-id=\"6340bef8\" data-element_type=\"widget\" data-widget_type=\"text-editor.default\">\n\t\t\t\t<div class=\"elementor-widget-container\">\n\t\t\t\t\t\t\t\t\t<p><span style=\"font-weight: 400;\">Isso n\u00e3o significa que o sofrimento seja bom, mas que Deus, em Sua sabedoria, pode usar at\u00e9 as situa\u00e7\u00f5es mais dif\u00edceis para cumprir seu prop\u00f3sito final e revelar sua gl\u00f3ria.<\/span><\/p><p><span style=\"font-weight: 400;\">Viver para a gl\u00f3ria de Deus \u00e9 uma pr\u00e1tica di\u00e1ria. Em 1 Cor\u00edntios 10:31, Paulo nos instrui: <em>&#8220;Assim, quer voc\u00eas comam, bebam ou fa\u00e7am qualquer outra coisa, fa\u00e7am tudo para a gl\u00f3ria de Deus.&#8221;<\/em> Esse vers\u00edculo nos lembra que at\u00e9 as coisas mais simples, como comer e beber, devem ser feitas com gratid\u00e3o e considera\u00e7\u00e3o a Deus. Isso implica em escolhas conscientes que refletem a vontade de Deus em nossas vidas.<\/span><\/p><h4><b>A GLORIOSA RECOMPENSA\u00a0<\/b><\/h4><p><span style=\"font-weight: 400;\">A gl\u00f3ria de Deus n\u00e3o \u00e9 apenas algo para o presente. Quando Cristo retornar, os crentes ser\u00e3o transformados e participar\u00e3o da gl\u00f3ria de Deus. Romanos 8:17 diz: &#8220;<em>Se somos filhos, ent\u00e3o somos herdeiros; herdeiros de Deus e coerdeiros com Cristo, se de fato participamos dos seus sofrimentos para que tamb\u00e9m participemos da sua gl\u00f3ria.&#8221;\u00a0<\/em><\/span><\/p><p><span style=\"font-weight: 400;\">Essa promessa nos d\u00e1 esperan\u00e7a e dire\u00e7\u00e3o, nos motiva a viver, sabendo que nossa recompensa final ser\u00e1 estar na sua presen\u00e7a gloriosa.<\/span><\/p><p><span style=\"font-weight: 400;\">Tudo o que fazemos deve ser para a gl\u00f3ria de Deus. Seja em momentos de adora\u00e7\u00e3o, em nossa rotina di\u00e1ria ou mesmo em meio ao sofrimento, nosso objetivo \u00e9 exaltar a Deus.\u00a0<\/span><\/p><p><span style=\"font-weight: 400;\">Em um mundo cheio de distra\u00e7\u00f5es e tenta\u00e7\u00f5es para buscar nossa pr\u00f3pria gl\u00f3ria, somos chamados a vislumbrar a gl\u00f3ria de Deus em todas as \u00e1reas de nossas vidas. Que possamos abra\u00e7ar esse chamado com alegria, vivendo cada dia para a honra do nosso Criador. Que Deus nos capacite a sermos verdadeiros adoradores, refletindo Sua gl\u00f3ria em tudo o que fazemos.<\/span><\/p>\t\t\t\t\t\t\t\t<\/div>\n\t\t\t\t<\/div>\n\t\t\t\t\t<\/div>\n\t\t<\/div>\n\t\t\t\t\t<\/div>\n\t\t<\/section>\n\t\t\t\t<section class=\"elementor-section elementor-inner-section elementor-element elementor-element-347a4e04 elementor-section-boxed elementor-section-height-default elementor-section-height-default\" data-id=\"347a4e04\" data-element_type=\"section\" data-settings=\"{&quot;background_background&quot;:&quot;classic&quot;}\">\n\t\t\t\t\t\t<div class=\"elementor-container elementor-column-gap-default\">\n\t\t\t\t\t<div class=\"elementor-column elementor-col-100 elementor-inner-column elementor-element elementor-element-581dc3fa\" data-id=\"581dc3fa\" data-element_type=\"column\">\n\t\t\t<div class=\"elementor-widget-wrap elementor-element-populated\">\n\t\t\t\t\t\t<div class=\"elementor-element elementor-element-7dd6932a elementor-widget elementor-widget-hub_fancy_heading\" data-id=\"7dd6932a\" data-element_type=\"widget\" data-widget_type=\"hub_fancy_heading.default\">\n\t\t\t\t<div class=\"elementor-widget-container\">\n\t\t\t\t\t\n\t\t<div id=\"ld-fancy-heading-69f386210d297\" class=\"ld-fancy-heading pos-rel\">\n\t\t\t<p class=\"ld-fh-element d-inline-block pos-rel  lqd-highlight-classic lqd-highlight-grow-left h4\"  > \"Nossa exist\u00eancia tem em si o prop\u00f3sito de exaltar a grandeza de Deus.\"\n<\/p>\t\t<\/div>\n\n\t\t\t\t\t\t<\/div>\n\t\t\t\t<\/div>\n\t\t\t\t\t<\/div>\n\t\t<\/div>\n\t\t\t\t\t<\/div>\n\t\t<\/section>\n\t\t\t\t<section class=\"elementor-section elementor-top-section elementor-element elementor-element-6c6e9fdb elementor-section-boxed elementor-section-height-default elementor-section-height-default\" data-id=\"6c6e9fdb\" data-element_type=\"section\">\n\t\t\t\t\t\t<div class=\"elementor-container elementor-column-gap-default\">\n\t\t\t\t\t<div class=\"elementor-column elementor-col-100 elementor-top-column elementor-element elementor-element-7b6b7d8f\" data-id=\"7b6b7d8f\" data-element_type=\"column\">\n\t\t\t<div class=\"elementor-widget-wrap elementor-element-populated\">\n\t\t\t\t\t\t<section class=\"elementor-section elementor-inner-section elementor-element elementor-element-464d7254 elementor-section-boxed elementor-section-height-default elementor-section-height-default\" data-id=\"464d7254\" data-element_type=\"section\" data-settings=\"{&quot;background_background&quot;:&quot;classic&quot;}\">\n\t\t\t\t\t\t<div class=\"elementor-container elementor-column-gap-default\">\n\t\t\t\t\t<div class=\"elementor-column elementor-col-50 elementor-inner-column elementor-element elementor-element-12a03b49\" data-id=\"12a03b49\" data-element_type=\"column\">\n\t\t\t<div class=\"elementor-widget-wrap elementor-element-populated\">\n\t\t\t\t\t\t<div class=\"elementor-element elementor-element-42cf17f8 elementor-widget-tablet__width-initial elementor-widget elementor-widget-hub_fancy_heading\" data-id=\"42cf17f8\" data-element_type=\"widget\" data-widget_type=\"hub_fancy_heading.default\">\n\t\t\t\t<div class=\"elementor-widget-container\">\n\t\t\t\t\t\n\t\t<div id=\"ld-fancy-heading-69f386210db38\" class=\"ld-fancy-heading pos-rel\">\n\t\t\t<h2 class=\"ld-fh-element d-inline-block pos-rel  elementor-heading-title lqd-highlight-classic lqd-highlight-grow-left h2\"  > Fa\u00e7a parte!<\/h2>\t\t<\/div>\n\n\t\t\t\t\t\t<\/div>\n\t\t\t\t<\/div>\n\t\t\t\t\t<\/div>\n\t\t<\/div>\n\t\t\t\t<div class=\"elementor-column elementor-col-50 elementor-inner-column elementor-element elementor-element-2e0c853e\" data-id=\"2e0c853e\" data-element_type=\"column\">\n\t\t\t<div class=\"elementor-widget-wrap elementor-element-populated\">\n\t\t\t\t\t\t<div class=\"elementor-element elementor-element-3bd449c7 elementor-align-right elementor-tablet-align-center elementor-widget-tablet__width-initial elementor-widget elementor-widget-ld_button\" data-id=\"3bd449c7\" data-element_type=\"widget\" data-widget_type=\"ld_button.default\">\n\t\t\t\t<div class=\"elementor-widget-container\">\n\t\t\t\t\t\n\t\t\t<a\n\t\t\t\thref=\"https:\/\/ministeriofazchover.com.br\/fernandinho\/escola\/\"class=\"elementor-button btn btn-solid btn-icon-right btn-hover-reveal btn-has-label\"\t\t\t>\n\t\t\t\t\t\t\t\t\t<span data-text=\"+ Informa\u00e7\u00f5es\" class=\"btn-txt\">\n\t\t\t\t\t\t+ Informa\u00e7\u00f5es\t\t\t\t\t<\/span>\n\t\t\t\t\t\t\t\t\t\t\t\t\t\t<span class=\"btn-icon\">\n\t\t\t\t\t\t\t<i aria-hidden=\"true\" class=\"lqd-icn-ess icon-md-arrow-forward\"><\/i>\t\t\t\t\t\t<\/span>\n\t\t\t\t\t\t\t\t\t<\/a>\n\t\t\t\t\t\t\t<\/div>\n\t\t\t\t<\/div>\n\t\t\t\t\t<\/div>\n\t\t<\/div>\n\t\t\t\t\t<\/div>\n\t\t<\/section>\n\t\t\t\t\t<\/div>\n\t\t<\/div>\n\t\t\t\t\t<\/div>\n\t\t<\/section>\n\t\t\t\t<\/div>\n\t\t","protected":false},"excerpt":{"rendered":"<p>No mundo moderno, muitas vezes nos perguntamos sobre o prop\u00f3sito de nossas vidas. Sabemos que a gl\u00f3ria de Deus \u00e9 manifesta em Sua majestade, obras, atributos e planos. A B\u00edblia nos revela que tudo foi criado para a gl\u00f3ria de Deus.<\/p>\n","protected":false},"author":3,"featured_media":7440,"comment_status":"closed","ping_status":"closed","sticky":false,"template":"","format":"standard","meta":{"footnotes":""},"categories":[44,34,32],"tags":[73,69,70,72,71,68],"class_list":["post-7439","post","type-post","status-publish","format-standard","has-post-thumbnail","hentry","category-direto-ao-assunto","category-igreja","category-louvor-e-adoracao","tag-arrependimento","tag-carater-cristao","tag-familia","tag-honra","tag-ministerio","tag-principios"],"_links":{"self":[{"href":"https:\/\/ministeriofazchover.com.br\/fernandinho\/wp-json\/wp\/v2\/posts\/7439","targetHints":{"allow":["GET"]}}],"collection":[{"href":"https:\/\/ministeriofazchover.com.br\/fernandinho\/wp-json\/wp\/v2\/posts"}],"about":[{"href":"https:\/\/ministeriofazchover.com.br\/fernandinho\/wp-json\/wp\/v2\/types\/post"}],"author":[{"embeddable":true,"href":"https:\/\/ministeriofazchover.com.br\/fernandinho\/wp-json\/wp\/v2\/users\/3"}],"replies":[{"embeddable":true,"href":"https:\/\/ministeriofazchover.com.br\/fernandinho\/wp-json\/wp\/v2\/comments?post=7439"}],"version-history":[{"count":6,"href":"https:\/\/ministeriofazchover.com.br\/fernandinho\/wp-json\/wp\/v2\/posts\/7439\/revisions"}],"predecessor-version":[{"id":7446,"href":"https:\/\/ministeriofazchover.com.br\/fernandinho\/wp-json\/wp\/v2\/posts\/7439\/revisions\/7446"}],"wp:featuredmedia":[{"embeddable":true,"href":"https:\/\/ministeriofazchover.com.br\/fernandinho\/wp-json\/wp\/v2\/media\/7440"}],"wp:attachment":[{"href":"https:\/\/ministeriofazchover.com.br\/fernandinho\/wp-json\/wp\/v2\/media?parent=7439"}],"wp:term":[{"taxonomy":"category","embeddable":true,"href":"https:\/\/ministeriofazchover.com.br\/fernandinho\/wp-json\/wp\/v2\/categories?post=7439"},{"taxonomy":"post_tag","embeddable":true,"href":"https:\/\/ministeriofazchover.com.br\/fernandinho\/wp-json\/wp\/v2\/tags?post=7439"}],"curies":[{"name":"wp","href":"https:\/\/api.w.org\/{rel}","templated":true}]}}