{"id":7640,"date":"2024-12-16T18:38:48","date_gmt":"2024-12-16T21:38:48","guid":{"rendered":"https:\/\/ministeriofazchover.com.br\/fernandinho\/?p=7640"},"modified":"2024-12-16T18:43:28","modified_gmt":"2024-12-16T21:43:28","slug":"a-verdade-do-evangelho","status":"publish","type":"post","link":"https:\/\/ministeriofazchover.com.br\/fernandinho\/a-verdade-do-evangelho\/","title":{"rendered":"A VERDADE DO EVANGELHO"},"content":{"rendered":"\t\t<div data-elementor-type=\"wp-post\" data-elementor-id=\"7640\" class=\"elementor elementor-7640\">\n\t\t\t\t\t\t<section class=\"elementor-section elementor-top-section elementor-element elementor-element-16f3edf5 elementor-section-boxed elementor-section-height-default elementor-section-height-default\" data-id=\"16f3edf5\" data-element_type=\"section\">\n\t\t\t\t\t\t<div class=\"elementor-container elementor-column-gap-default\">\n\t\t\t\t\t<div class=\"elementor-column elementor-col-100 elementor-top-column elementor-element elementor-element-4319d734\" data-id=\"4319d734\" data-element_type=\"column\">\n\t\t\t<div class=\"elementor-widget-wrap elementor-element-populated\">\n\t\t\t\t\t\t<div class=\"elementor-element elementor-element-aeaec08 elementor-widget elementor-widget-text-editor\" data-id=\"aeaec08\" data-element_type=\"widget\" data-widget_type=\"text-editor.default\">\n\t\t\t\t<div class=\"elementor-widget-container\">\n\t\t\t\t\t\t\t\t\t<p><span style=\"font-weight: 400;\">Vivemos em tempos em que o Evangelho tem sido dilu\u00eddo e adaptado \u00e0s demandas de uma sociedade que exalta o \u201ceu\u201d acima de tudo. Mas o chamado de Cristo \u00e9 claro: <em>\u201cNegue-se a si mesmo, tome a sua cruz e siga-me\u201d<\/em> (Mateus 16:24). Este n\u00e3o \u00e9 um convite para viver no centro, mas para abdicar do trono que n\u00f3s mesmos constru\u00edmos em nossos cora\u00e7\u00f5es.<\/span><\/p><h3><b>A Cultura do \u201cEu Mere\u00e7o\u201d: Um Engano Perigoso<\/b><\/h3><p><span style=\"font-weight: 400;\">A sociedade nos bombardeia com a ideia de que temos direitos sobre tudo: sucesso, riqueza, felicidade. Infelizmente, essa narrativa tem invadido as igrejas, onde se ouve com frequ\u00eancia que <em>\u201cDeus quer te dar o melhor desta terra\u201d<\/em> ou que <em>\u201cvoc\u00ea merece\u201d<\/em>. Mas o Evangelho n\u00e3o trata do que merecemos; ele fala da gra\u00e7a. N\u00f3s n\u00e3o merecemos nada; tudo \u00e9 presente, tudo \u00e9 favor imerecido. O ap\u00f3stolo Paulo nos lembra:\u00a0<\/span><\/p>\t\t\t\t\t\t\t\t<\/div>\n\t\t\t\t<\/div>\n\t\t\t\t\t<\/div>\n\t\t<\/div>\n\t\t\t\t\t<\/div>\n\t\t<\/section>\n\t\t\t\t<section class=\"elementor-section elementor-top-section elementor-element elementor-element-7cfadd1d elementor-section-boxed elementor-section-height-default elementor-section-height-default\" data-id=\"7cfadd1d\" data-element_type=\"section\" data-settings=\"{&quot;background_background&quot;:&quot;classic&quot;}\">\n\t\t\t\t\t\t<div class=\"elementor-container elementor-column-gap-default\">\n\t\t\t\t\t<div class=\"elementor-column elementor-col-100 elementor-top-column elementor-element elementor-element-7c78e17\" data-id=\"7c78e17\" data-element_type=\"column\">\n\t\t\t<div class=\"elementor-widget-wrap elementor-element-populated\">\n\t\t\t\t\t\t<div class=\"elementor-element elementor-element-139d6914 elementor-widget elementor-widget-text-editor\" data-id=\"139d6914\" data-element_type=\"widget\" data-widget_type=\"text-editor.default\">\n\t\t\t\t<div class=\"elementor-widget-container\">\n\t\t\t\t\t\t\t\t\t<p><em><span style=\"font-weight: 400;\">\u201cPela gra\u00e7a sois salvos, por meio da f\u00e9; e isso n\u00e3o vem de v\u00f3s; \u00e9 dom de Deus\u201d<\/span><\/em><\/p>\t\t\t\t\t\t\t\t<\/div>\n\t\t\t\t<\/div>\n\t\t\t\t<div class=\"elementor-element elementor-element-545d5a22 elementor-widget-divider--view-line elementor-widget elementor-widget-divider\" data-id=\"545d5a22\" data-element_type=\"widget\" data-widget_type=\"divider.default\">\n\t\t\t\t<div class=\"elementor-widget-container\">\n\t\t\t\t\t\t\t<div class=\"elementor-divider\">\n\t\t\t<span class=\"elementor-divider-separator\">\n\t\t\t\t\t\t<\/span>\n\t\t<\/div>\n\t\t\t\t\t\t<\/div>\n\t\t\t\t<\/div>\n\t\t\t\t<div class=\"elementor-element elementor-element-23407765 elementor-widget elementor-widget-hub_fancy_heading\" data-id=\"23407765\" data-element_type=\"widget\" data-widget_type=\"hub_fancy_heading.default\">\n\t\t\t\t<div class=\"elementor-widget-container\">\n\t\t\t\t\t\n\t\t<div id=\"ld-fancy-heading-69f7811083a99\" class=\"ld-fancy-heading pos-rel\">\n\t\t\t<h6 class=\"ld-fh-element d-inline-block pos-rel  elementor-heading-title lqd-highlight-classic lqd-highlight-grow-left h6\"  > Ef\u00e9sios 2:8<\/h6>\t\t<\/div>\n\n\t\t\t\t\t\t<\/div>\n\t\t\t\t<\/div>\n\t\t\t\t\t<\/div>\n\t\t<\/div>\n\t\t\t\t\t<\/div>\n\t\t<\/section>\n\t\t\t\t<section class=\"elementor-section elementor-top-section elementor-element elementor-element-7e61355c elementor-section-boxed elementor-section-height-default elementor-section-height-default\" data-id=\"7e61355c\" data-element_type=\"section\">\n\t\t\t\t\t\t<div class=\"elementor-container elementor-column-gap-default\">\n\t\t\t\t\t<div class=\"elementor-column elementor-col-100 elementor-top-column elementor-element elementor-element-6d4bf1a2\" data-id=\"6d4bf1a2\" data-element_type=\"column\">\n\t\t\t<div class=\"elementor-widget-wrap elementor-element-populated\">\n\t\t\t\t\t\t<div class=\"elementor-element elementor-element-6340bef8 elementor-widget elementor-widget-text-editor\" data-id=\"6340bef8\" data-element_type=\"widget\" data-widget_type=\"text-editor.default\">\n\t\t\t\t<div class=\"elementor-widget-container\">\n\t\t\t\t\t\t\t\t\t<p><span style=\"font-weight: 400;\">\u00c9 fundamental lembrar que somos barro, e Deus \u00e9 o oleiro (Isa\u00edas 64:8). Qual direito o barro tem de exigir algo do oleiro? Essa compreens\u00e3o nos coloca no lugar de humildade que o Evangelho exige.<\/span><\/p><h3><b>O Poder Transformador da Cruz<\/b><\/h3><p><span style=\"font-weight: 400;\">A cruz \u00e9 o ponto central do Evangelho. \u00c9 nela que encontramos a derrota do nosso orgulho e a vit\u00f3ria de Cristo. Paulo declarou: \u201cEstou crucificado com Cristo, e j\u00e1 n\u00e3o vivo, mas Cristo vive em mim\u201d (G\u00e1latas 2:20). Este \u00e9 o chamado: morrer para si mesmo. Renunciar ao ego, abrir m\u00e3o de nossos desejos e entregar o controle de nossas vidas a Ele.<\/span><\/p><p><span style=\"font-weight: 400;\">Mas o que significa tomar a cruz? N\u00e3o \u00e9 apenas lidar com os problemas do dia a dia; \u00e9 estar disposto a morrer \u2013 morrer para o orgulho, para os planos pessoais, para o apego \u00e0s coisas deste mundo. Cristo nos chama a viver para Ele, e n\u00e3o para n\u00f3s mesmos. Essa \u00e9 a verdadeira liberdade.<\/span><\/p><h3><b>Prosperidade e Sucesso: Qual \u00c9 o Foco?<\/b><\/h3><p><span style=\"font-weight: 400;\">Muitos confundem o Evangelho com um meio para conquistar prosperidade e sucesso. Mas o testemunho de Paulo e Silas nos ensina algo completamente diferente. Mesmo presos, eles cantavam louvores a Deus (Atos 16:25). Sua alegria n\u00e3o dependia de circunst\u00e2ncias favor\u00e1veis, mas de sua rela\u00e7\u00e3o com Cristo.<\/span><\/p><p><span style=\"font-weight: 400;\">O verdadeiro Evangelho confronta o amor pelo mundo e suas sedu\u00e7\u00f5es. \u201cQuem ama o mundo, o amor do Pai n\u00e3o est\u00e1 nele\u201d (1 Jo\u00e3o 2:15). Prosperidade \u00e9 viver em paz com Deus, mesmo em meio \u00e0s tribula\u00e7\u00f5es.<\/span><\/p><h3><b>Deus \u00c9 Quem D\u00e1 o Crescimento<\/b><\/h3><p><span style=\"font-weight: 400;\">\u00c0s vezes, tentamos controlar tudo \u2013 desde os resultados de nossos minist\u00e9rios at\u00e9 o crescimento de nossas igrejas. Mas Atos 2:47 nos lembra que \u201co Senhor acrescentava diariamente os que iam sendo salvos\u201d. Todo crescimento que vale a pena vem dEle, n\u00e3o das nossas estrat\u00e9gias humanas.<\/span><\/p><p><span style=\"font-weight: 400;\">Pergunte-se: por que voc\u00ea quer crescer? \u00c9 para a gl\u00f3ria de Deus ou para o seu pr\u00f3prio ego? Quando entregamos nossas expectativas ao Senhor, encontramos verdadeira paz e dire\u00e7\u00e3o.<\/span><\/p><p><span style=\"font-weight: 400;\">Jesus foi claro: \u201cNo mundo, tereis afli\u00e7\u00f5es; mas tende bom \u00e2nimo, eu venci o mundo\u201d (Jo\u00e3o 16:33). Ele n\u00e3o prometeu uma vida sem dificuldades, mas garantiu Sua presen\u00e7a em meio a elas. As tribula\u00e7\u00f5es s\u00e3o oportunidades para experimentarmos a fidelidade de Deus. Como Sadraque, Mesaque e Abede-Nego, podemos confiar que Ele est\u00e1 conosco at\u00e9 mesmo na fornalha.<\/span><\/p><h3><b>Um Evangelho Sem Misturas<\/b><\/h3><p><span style=\"font-weight: 400;\">O Evangelho de Jesus n\u00e3o precisa de complementos ou adapta\u00e7\u00f5es. Ele \u00e9 puro, transformador e suficiente. Tomar a cruz significa renunciar ao \u201ceu\u201d e viver completamente para Ele. Voc\u00ea est\u00e1 disposto a abra\u00e7ar essa verdade? O mundo oferece um caminho largo, mas o caminho estreito de Cristo \u00e9 o \u00fanico que conduz \u00e0 vida eterna. Que possamos nos render a essa realidade e viver o verdadeiro Evangelho, para a gl\u00f3ria de Deus.<\/span><\/p>\t\t\t\t\t\t\t\t<\/div>\n\t\t\t\t<\/div>\n\t\t\t\t\t<\/div>\n\t\t<\/div>\n\t\t\t\t\t<\/div>\n\t\t<\/section>\n\t\t\t\t<section class=\"elementor-section elementor-inner-section elementor-element elementor-element-347a4e04 elementor-section-boxed elementor-section-height-default elementor-section-height-default\" data-id=\"347a4e04\" data-element_type=\"section\" data-settings=\"{&quot;background_background&quot;:&quot;classic&quot;}\">\n\t\t\t\t\t\t<div class=\"elementor-container elementor-column-gap-default\">\n\t\t\t\t\t<div class=\"elementor-column elementor-col-100 elementor-inner-column elementor-element elementor-element-581dc3fa\" data-id=\"581dc3fa\" data-element_type=\"column\">\n\t\t\t<div class=\"elementor-widget-wrap elementor-element-populated\">\n\t\t\t\t\t\t<div class=\"elementor-element elementor-element-7dd6932a elementor-widget elementor-widget-hub_fancy_heading\" data-id=\"7dd6932a\" data-element_type=\"widget\" data-widget_type=\"hub_fancy_heading.default\">\n\t\t\t\t<div class=\"elementor-widget-container\">\n\t\t\t\t\t\n\t\t<div id=\"ld-fancy-heading-69f78110848c9\" class=\"ld-fancy-heading pos-rel\">\n\t\t\t<p class=\"ld-fh-element d-inline-block pos-rel  lqd-highlight-classic lqd-highlight-grow-left h4\"  > \"O verdadeiro Evangelho n\u00e3o exalta o 'eu', mas nos chama a tomar a cruz e viver para Cristo.\"<\/p>\t\t<\/div>\n\n\t\t\t\t\t\t<\/div>\n\t\t\t\t<\/div>\n\t\t\t\t\t<\/div>\n\t\t<\/div>\n\t\t\t\t\t<\/div>\n\t\t<\/section>\n\t\t\t\t<section class=\"elementor-section elementor-top-section elementor-element elementor-element-6c6e9fdb elementor-section-boxed elementor-section-height-default elementor-section-height-default\" data-id=\"6c6e9fdb\" data-element_type=\"section\">\n\t\t\t\t\t\t<div class=\"elementor-container elementor-column-gap-default\">\n\t\t\t\t\t<div class=\"elementor-column elementor-col-100 elementor-top-column elementor-element elementor-element-7b6b7d8f\" data-id=\"7b6b7d8f\" data-element_type=\"column\">\n\t\t\t<div class=\"elementor-widget-wrap elementor-element-populated\">\n\t\t\t\t\t\t<section class=\"elementor-section elementor-inner-section elementor-element elementor-element-464d7254 elementor-section-boxed elementor-section-height-default elementor-section-height-default\" data-id=\"464d7254\" data-element_type=\"section\" data-settings=\"{&quot;background_background&quot;:&quot;classic&quot;}\">\n\t\t\t\t\t\t<div class=\"elementor-container elementor-column-gap-default\">\n\t\t\t\t\t<div class=\"elementor-column elementor-col-50 elementor-inner-column elementor-element elementor-element-12a03b49\" data-id=\"12a03b49\" data-element_type=\"column\">\n\t\t\t<div class=\"elementor-widget-wrap elementor-element-populated\">\n\t\t\t\t\t\t<div class=\"elementor-element elementor-element-42cf17f8 elementor-widget-tablet__width-initial elementor-widget elementor-widget-hub_fancy_heading\" data-id=\"42cf17f8\" data-element_type=\"widget\" data-widget_type=\"hub_fancy_heading.default\">\n\t\t\t\t<div class=\"elementor-widget-container\">\n\t\t\t\t\t\n\t\t<div id=\"ld-fancy-heading-69f7811085104\" class=\"ld-fancy-heading pos-rel\">\n\t\t\t<h2 class=\"ld-fh-element d-inline-block pos-rel  elementor-heading-title lqd-highlight-classic lqd-highlight-grow-left h2\"  > Fa\u00e7a parte!<\/h2>\t\t<\/div>\n\n\t\t\t\t\t\t<\/div>\n\t\t\t\t<\/div>\n\t\t\t\t\t<\/div>\n\t\t<\/div>\n\t\t\t\t<div class=\"elementor-column elementor-col-50 elementor-inner-column elementor-element elementor-element-2e0c853e\" data-id=\"2e0c853e\" data-element_type=\"column\">\n\t\t\t<div class=\"elementor-widget-wrap elementor-element-populated\">\n\t\t\t\t\t\t<div class=\"elementor-element elementor-element-3bd449c7 elementor-align-right elementor-tablet-align-center elementor-widget-tablet__width-initial elementor-widget elementor-widget-ld_button\" data-id=\"3bd449c7\" data-element_type=\"widget\" data-widget_type=\"ld_button.default\">\n\t\t\t\t<div class=\"elementor-widget-container\">\n\t\t\t\t\t\n\t\t\t<a\n\t\t\t\thref=\"https:\/\/ministeriofazchover.com.br\/fernandinho\/escola\/\"class=\"elementor-button btn btn-solid btn-icon-right btn-hover-reveal btn-has-label\"\t\t\t>\n\t\t\t\t\t\t\t\t\t<span data-text=\"+ Informa\u00e7\u00f5es\" class=\"btn-txt\">\n\t\t\t\t\t\t+ Informa\u00e7\u00f5es\t\t\t\t\t<\/span>\n\t\t\t\t\t\t\t\t\t\t\t\t\t\t<span class=\"btn-icon\">\n\t\t\t\t\t\t\t<i aria-hidden=\"true\" class=\"lqd-icn-ess icon-md-arrow-forward\"><\/i>\t\t\t\t\t\t<\/span>\n\t\t\t\t\t\t\t\t\t<\/a>\n\t\t\t\t\t\t\t<\/div>\n\t\t\t\t<\/div>\n\t\t\t\t\t<\/div>\n\t\t<\/div>\n\t\t\t\t\t<\/div>\n\t\t<\/section>\n\t\t\t\t\t<\/div>\n\t\t<\/div>\n\t\t\t\t\t<\/div>\n\t\t<\/section>\n\t\t\t\t<\/div>\n\t\t","protected":false},"excerpt":{"rendered":"<p>Vivemos em tempos em que o Evangelho tem sido dilu\u00eddo e adaptado \u00e0s demandas de uma sociedade que exalta o \u201ceu\u201d acima de tudo. Mas o chamado de Cristo \u00e9 claro: \u201cNegue-se a si mesmo, tome a sua cruz e siga-me\u201d (Mateus 16:24). Este n\u00e3o \u00e9 um convite para viver no centro, mas para abdicar do trono que n\u00f3s mesmos constru\u00edmos em nossos cora\u00e7\u00f5es.<\/p>\n","protected":false},"author":3,"featured_media":7641,"comment_status":"closed","ping_status":"closed","sticky":false,"template":"","format":"standard","meta":{"footnotes":""},"categories":[41,34],"tags":[73,69,70,72,74,71,68],"class_list":["post-7640","post","type-post","status-publish","format-standard","has-post-thumbnail","hentry","category-estudos","category-igreja","tag-arrependimento","tag-carater-cristao","tag-familia","tag-honra","tag-igreja","tag-ministerio","tag-principios"],"_links":{"self":[{"href":"https:\/\/ministeriofazchover.com.br\/fernandinho\/wp-json\/wp\/v2\/posts\/7640","targetHints":{"allow":["GET"]}}],"collection":[{"href":"https:\/\/ministeriofazchover.com.br\/fernandinho\/wp-json\/wp\/v2\/posts"}],"about":[{"href":"https:\/\/ministeriofazchover.com.br\/fernandinho\/wp-json\/wp\/v2\/types\/post"}],"author":[{"embeddable":true,"href":"https:\/\/ministeriofazchover.com.br\/fernandinho\/wp-json\/wp\/v2\/users\/3"}],"replies":[{"embeddable":true,"href":"https:\/\/ministeriofazchover.com.br\/fernandinho\/wp-json\/wp\/v2\/comments?post=7640"}],"version-history":[{"count":4,"href":"https:\/\/ministeriofazchover.com.br\/fernandinho\/wp-json\/wp\/v2\/posts\/7640\/revisions"}],"predecessor-version":[{"id":7645,"href":"https:\/\/ministeriofazchover.com.br\/fernandinho\/wp-json\/wp\/v2\/posts\/7640\/revisions\/7645"}],"wp:featuredmedia":[{"embeddable":true,"href":"https:\/\/ministeriofazchover.com.br\/fernandinho\/wp-json\/wp\/v2\/media\/7641"}],"wp:attachment":[{"href":"https:\/\/ministeriofazchover.com.br\/fernandinho\/wp-json\/wp\/v2\/media?parent=7640"}],"wp:term":[{"taxonomy":"category","embeddable":true,"href":"https:\/\/ministeriofazchover.com.br\/fernandinho\/wp-json\/wp\/v2\/categories?post=7640"},{"taxonomy":"post_tag","embeddable":true,"href":"https:\/\/ministeriofazchover.com.br\/fernandinho\/wp-json\/wp\/v2\/tags?post=7640"}],"curies":[{"name":"wp","href":"https:\/\/api.w.org\/{rel}","templated":true}]}}