{"id":7745,"date":"2025-03-07T12:00:56","date_gmt":"2025-03-07T15:00:56","guid":{"rendered":"https:\/\/ministeriofazchover.com.br\/fernandinho\/?p=7745"},"modified":"2025-03-07T12:04:37","modified_gmt":"2025-03-07T15:04:37","slug":"por-que-seu-ministerio-nao-cresce","status":"publish","type":"post","link":"https:\/\/ministeriofazchover.com.br\/fernandinho\/por-que-seu-ministerio-nao-cresce\/","title":{"rendered":"POR QUE SEU MINIST\u00c9RIO N\u00c3O CRESCE?"},"content":{"rendered":"\t\t<div data-elementor-type=\"wp-post\" data-elementor-id=\"7745\" class=\"elementor elementor-7745\">\n\t\t\t\t\t\t<section class=\"elementor-section elementor-top-section elementor-element elementor-element-16f3edf5 elementor-section-boxed elementor-section-height-default elementor-section-height-default\" data-id=\"16f3edf5\" data-element_type=\"section\">\n\t\t\t\t\t\t<div class=\"elementor-container elementor-column-gap-default\">\n\t\t\t\t\t<div class=\"elementor-column elementor-col-100 elementor-top-column elementor-element elementor-element-4319d734\" data-id=\"4319d734\" data-element_type=\"column\">\n\t\t\t<div class=\"elementor-widget-wrap elementor-element-populated\">\n\t\t\t\t\t\t<div class=\"elementor-element elementor-element-aeaec08 elementor-widget elementor-widget-text-editor\" data-id=\"aeaec08\" data-element_type=\"widget\" data-widget_type=\"text-editor.default\">\n\t\t\t\t<div class=\"elementor-widget-container\">\n\t\t\t\t\t\t\t\t\t<p><span style=\"font-weight: 400;\">Muitos ministros enfrentam um dilema: trabalham, se esfor\u00e7am, buscam oportunidades, mas o minist\u00e9rio parece n\u00e3o avan\u00e7ar. A frustra\u00e7\u00e3o bate, as d\u00favidas surgem, e logo se pensa que talvez Deus tenha se esquecido ou que o chamado foi uma ilus\u00e3o. Mas a realidade \u00e9 que o problema n\u00e3o est\u00e1 em Deus, mas em n\u00f3s. Existem barreiras que impedem o crescimento de um minist\u00e9rio, e algumas delas precisam ser enfrentadas com urg\u00eancia.<\/span><\/p>\n<ol>\n<li>\n<h3><b> Falta de Humildade e Servi\u00e7o<\/b><\/h3>\n<\/li>\n<\/ol>\t\t\t\t\t\t\t\t<\/div>\n\t\t\t\t<\/div>\n\t\t\t\t\t<\/div>\n\t\t<\/div>\n\t\t\t\t\t<\/div>\n\t\t<\/section>\n\t\t\t\t<section class=\"elementor-section elementor-top-section elementor-element elementor-element-7cfadd1d elementor-section-boxed elementor-section-height-default elementor-section-height-default\" data-id=\"7cfadd1d\" data-element_type=\"section\" data-settings=\"{&quot;background_background&quot;:&quot;classic&quot;}\">\n\t\t\t\t\t\t<div class=\"elementor-container elementor-column-gap-default\">\n\t\t\t\t\t<div class=\"elementor-column elementor-col-100 elementor-top-column elementor-element elementor-element-7c78e17\" data-id=\"7c78e17\" data-element_type=\"column\">\n\t\t\t<div class=\"elementor-widget-wrap elementor-element-populated\">\n\t\t\t\t\t\t<div class=\"elementor-element elementor-element-139d6914 elementor-widget elementor-widget-text-editor\" data-id=\"139d6914\" data-element_type=\"widget\" data-widget_type=\"text-editor.default\">\n\t\t\t\t<div class=\"elementor-widget-container\">\n\t\t\t\t\t\t\t\t\t<p><em><span style=\"font-weight: 400;\">\u201cAquele que se humilha ser\u00e1 exaltado, mas aquele que se exalta ser\u00e1 humilhado.\u201d<\/span><\/em><\/p>\t\t\t\t\t\t\t\t<\/div>\n\t\t\t\t<\/div>\n\t\t\t\t<div class=\"elementor-element elementor-element-545d5a22 elementor-widget-divider--view-line elementor-widget elementor-widget-divider\" data-id=\"545d5a22\" data-element_type=\"widget\" data-widget_type=\"divider.default\">\n\t\t\t\t<div class=\"elementor-widget-container\">\n\t\t\t\t\t\t\t<div class=\"elementor-divider\">\n\t\t\t<span class=\"elementor-divider-separator\">\n\t\t\t\t\t\t<\/span>\n\t\t<\/div>\n\t\t\t\t\t\t<\/div>\n\t\t\t\t<\/div>\n\t\t\t\t<div class=\"elementor-element elementor-element-23407765 elementor-widget elementor-widget-hub_fancy_heading\" data-id=\"23407765\" data-element_type=\"widget\" data-widget_type=\"hub_fancy_heading.default\">\n\t\t\t\t<div class=\"elementor-widget-container\">\n\t\t\t\t\t\n\t\t<div id=\"ld-fancy-heading-69f2e895a5b3e\" class=\"ld-fancy-heading pos-rel\">\n\t\t\t<h6 class=\"ld-fh-element d-inline-block pos-rel  elementor-heading-title lqd-highlight-classic lqd-highlight-grow-left h6\"  > Lucas 14:11<\/h6>\t\t<\/div>\n\n\t\t\t\t\t\t<\/div>\n\t\t\t\t<\/div>\n\t\t\t\t\t<\/div>\n\t\t<\/div>\n\t\t\t\t\t<\/div>\n\t\t<\/section>\n\t\t\t\t<section class=\"elementor-section elementor-top-section elementor-element elementor-element-7e61355c elementor-section-boxed elementor-section-height-default elementor-section-height-default\" data-id=\"7e61355c\" data-element_type=\"section\">\n\t\t\t\t\t\t<div class=\"elementor-container elementor-column-gap-default\">\n\t\t\t\t\t<div class=\"elementor-column elementor-col-100 elementor-top-column elementor-element elementor-element-6d4bf1a2\" data-id=\"6d4bf1a2\" data-element_type=\"column\">\n\t\t\t<div class=\"elementor-widget-wrap elementor-element-populated\">\n\t\t\t\t\t\t<div class=\"elementor-element elementor-element-6340bef8 elementor-widget elementor-widget-text-editor\" data-id=\"6340bef8\" data-element_type=\"widget\" data-widget_type=\"text-editor.default\">\n\t\t\t\t<div class=\"elementor-widget-container\">\n\t\t\t\t\t\t\t\t\t<p><span style=\"font-weight: 400;\">A primeira grande barreira \u00e9 a falta de humildade. Jesus, sendo o Filho de Deus, pegou uma bacia e uma toalha para lavar os p\u00e9s dos seus disc\u00edpulos. Se Ele, que \u00e9 Senhor, serviu, como podemos achar que estamos em posi\u00e7\u00e3o de sermos servidos? O minist\u00e9rio n\u00e3o \u00e9 sobre reconhecimento, n\u00e3o \u00e9 sobre talento, n\u00e3o \u00e9 sobre performance. \u00c9 sobre servir.<\/span><\/p>\n<p><span style=\"font-weight: 400;\">Muitas vezes, o minist\u00e9rio estagnou porque a motiva\u00e7\u00e3o est\u00e1 errada. Queremos ser vistos, queremos que reconhe\u00e7am nosso dom, queremos crescer para mostrar algo a algu\u00e9m. Mas Deus n\u00e3o unge pessoas para que sejam aplaudidas, Ele unge pessoas para servirem. Se voc\u00ea quer crescer, pergunte-se: \u201cEstou servindo?\u201d Se a resposta for n\u00e3o, j\u00e1 sabe onde precisa mudar.<\/span><\/p>\n<ol start=\"2\">\n<li>\n<h3><b> Falta de Prepara\u00e7\u00e3o Espiritual<\/b><\/h3>\n<\/li>\n<\/ol>\n<p><em><span style=\"font-weight: 400;\">\u201cO meu povo perece por falta de conhecimento.\u201d (Os\u00e9ias 4:6)<\/span><\/em><\/p>\n<p><span style=\"font-weight: 400;\">\u00c9 inacredit\u00e1vel como alguns ministros querem liderar, cantar, tocar, mas passam a semana inteira sem abrir a B\u00edblia, sem orar, sem buscar intimidade com Deus. O culto de domingo \u00e9 reflexo da vida espiritual que temos nos outros seis dias da semana. Se voc\u00ea n\u00e3o ora, se voc\u00ea n\u00e3o estuda a Palavra, se voc\u00ea n\u00e3o busca ser cheio do Esp\u00edrito Santo, como espera que seu minist\u00e9rio tenha impacto?<\/span><\/p>\n<p><span style=\"font-weight: 400;\">Minist\u00e9rio \u00e9 transbordo. Se voc\u00ea quer ministrar algo que toque vidas, precisa primeiro viver isso. Como voc\u00ea vai levar as pessoas a um lugar onde nunca esteve? Como vai conduzir a igreja a um n\u00edvel mais profundo de adora\u00e7\u00e3o se sua pr\u00f3pria vida devocional \u00e9 rasa? Deus n\u00e3o unge a superficialidade.<\/span><\/p>\n<ol start=\"3\">\n<li>\n<h3><b> Falta de Prepara\u00e7\u00e3o T\u00e9cnica<\/b><\/h3>\n<\/li>\n<\/ol>\n<p><span style=\"font-weight: 400;\"><em>\u201cTudo o que fizerem, fa\u00e7am de todo o cora\u00e7\u00e3o, como para o Senhor, e n\u00e3o para os homens.\u201d<\/em> (Colossenses 3:23)<\/span><\/p>\n<p><span style=\"font-weight: 400;\">N\u00e3o basta ter un\u00e7\u00e3o se voc\u00ea n\u00e3o se prepara. O talento precisa ser lapidado. Se voc\u00ea canta, precisa estudar m\u00fasica. Se voc\u00ea toca, precisa treinar. Se voc\u00ea prega, precisa ler, aprender a comunicar melhor. Deus n\u00e3o unge a neglig\u00eancia. Ele capacita, mas espera que voc\u00ea fa\u00e7a sua parte.<\/span><\/p>\n<p><span style=\"font-weight: 400;\">Muitos minist\u00e9rios travam porque seus integrantes se acomodam. \u201cAh, Deus me chamou, ent\u00e3o Ele vai fazer.\u201d Sim, Deus faz. Mas Ele tamb\u00e9m quer que voc\u00ea fa\u00e7a. Se voc\u00ea tem um chamado, honre esse chamado se preparando. D\u00ea o seu melhor. O Esp\u00edrito Santo n\u00e3o \u00e9 desculpa para a mediocridade.<\/span><\/p>\n<ol start=\"4\">\n<li>\n<h3><b> Excesso de Performance e Falta de Espontaneidade<\/b><\/h3>\n<\/li>\n<\/ol>\n<p><span style=\"font-weight: 400;\">Estamos vivendo um tempo em que o excesso de produ\u00e7\u00e3o e performance tem deixado o culto engessado. As ministra\u00e7\u00f5es s\u00e3o t\u00e3o calculadas, os sets s\u00e3o t\u00e3o programados, que n\u00e3o sobra espa\u00e7o para o fluir do Esp\u00edrito Santo.<\/span><\/p>\n<p><span style=\"font-weight: 400;\">N\u00e3o \u00e9 errado planejar, n\u00e3o \u00e9 errado buscar qualidade, mas quando isso sufoca a espontaneidade, perdemos o essencial. A igreja brasileira sempre teve uma caracter\u00edstica forte: espontaneidade na adora\u00e7\u00e3o. Mas, hoje, estamos copiando tanto as escolas de fora que corremos o risco de perder essa identidade.<\/span><\/p>\n<p><span style=\"font-weight: 400;\">Pense: voc\u00ea est\u00e1 adorando ou apenas repetindo um roteiro? Seu cora\u00e7\u00e3o est\u00e1 realmente conectado a Deus ou apenas seguindo o script? Deus quer a nossa autenticidade.<\/span><\/p>\n<h3><b>O Caminho Para o Crescimento<\/b><\/h3>\n<p><span style=\"font-weight: 400;\">O crescimento ministerial n\u00e3o \u00e9 sobre fama, sucesso ou reconhecimento humano. Mas sobre ser encontrado por Deus e estar no centro da Sua vontade. Se voc\u00ea sente que seu minist\u00e9rio est\u00e1 travado, fa\u00e7a um exame sincero e pergunte:<\/span><\/p>\n<p><span style=\"font-weight: 400;\">&#8211; Tenho um cora\u00e7\u00e3o de servo?<\/span><\/p>\n<p><span style=\"font-weight: 400;\">&#8211; Estou buscando intimidade com Deus diariamente?<\/span><\/p>\n<p><span style=\"font-weight: 400;\">&#8211; Estou me preparando tecnicamente?<\/span><\/p>\n<p><span style=\"font-weight: 400;\">&#8211; Minha adora\u00e7\u00e3o \u00e9 espont\u00e2nea ou mec\u00e2nica?<\/span><\/p>\n<p><span style=\"font-weight: 400;\">Deus quer te usar. Ele tem um prop\u00f3sito para sua vida. Mas para que seu minist\u00e9rio cres\u00e7a, voc\u00ea precisa alinhar seu cora\u00e7\u00e3o ao dEle. O segredo do crescimento ministerial \u00e9 simples: seja fiel a Deus e sirva com amor. Ele cuida do resto.<\/span><\/p>\t\t\t\t\t\t\t\t<\/div>\n\t\t\t\t<\/div>\n\t\t\t\t\t<\/div>\n\t\t<\/div>\n\t\t\t\t\t<\/div>\n\t\t<\/section>\n\t\t\t\t<section class=\"elementor-section elementor-inner-section elementor-element elementor-element-347a4e04 elementor-section-boxed elementor-section-height-default elementor-section-height-default\" data-id=\"347a4e04\" data-element_type=\"section\" data-settings=\"{&quot;background_background&quot;:&quot;classic&quot;}\">\n\t\t\t\t\t\t<div class=\"elementor-container elementor-column-gap-default\">\n\t\t\t\t\t<div class=\"elementor-column elementor-col-100 elementor-inner-column elementor-element elementor-element-581dc3fa\" data-id=\"581dc3fa\" data-element_type=\"column\">\n\t\t\t<div class=\"elementor-widget-wrap elementor-element-populated\">\n\t\t\t\t\t\t<div class=\"elementor-element elementor-element-7dd6932a elementor-widget elementor-widget-hub_fancy_heading\" data-id=\"7dd6932a\" data-element_type=\"widget\" data-widget_type=\"hub_fancy_heading.default\">\n\t\t\t\t<div class=\"elementor-widget-container\">\n\t\t\t\t\t\n\t\t<div id=\"ld-fancy-heading-69f2e895a6a47\" class=\"ld-fancy-heading pos-rel\">\n\t\t\t<p class=\"ld-fh-element d-inline-block pos-rel  lqd-highlight-classic lqd-highlight-grow-left h4\"  > O crescimento do seu minist\u00e9rio n\u00e3o depende de reconhecimento, mas de servi\u00e7o; n\u00e3o de talento, mas de intimidade com Deus. Quem se humilha para servir, Deus exalta para frutificar!<\/p>\t\t<\/div>\n\n\t\t\t\t\t\t<\/div>\n\t\t\t\t<\/div>\n\t\t\t\t\t<\/div>\n\t\t<\/div>\n\t\t\t\t\t<\/div>\n\t\t<\/section>\n\t\t\t\t<section class=\"elementor-section elementor-top-section elementor-element elementor-element-6c6e9fdb elementor-section-boxed elementor-section-height-default elementor-section-height-default\" data-id=\"6c6e9fdb\" data-element_type=\"section\">\n\t\t\t\t\t\t<div class=\"elementor-container elementor-column-gap-default\">\n\t\t\t\t\t<div class=\"elementor-column elementor-col-100 elementor-top-column elementor-element elementor-element-7b6b7d8f\" data-id=\"7b6b7d8f\" data-element_type=\"column\">\n\t\t\t<div class=\"elementor-widget-wrap elementor-element-populated\">\n\t\t\t\t\t\t<section class=\"elementor-section elementor-inner-section elementor-element elementor-element-464d7254 elementor-section-boxed elementor-section-height-default elementor-section-height-default\" data-id=\"464d7254\" data-element_type=\"section\" data-settings=\"{&quot;background_background&quot;:&quot;classic&quot;}\">\n\t\t\t\t\t\t<div class=\"elementor-container elementor-column-gap-default\">\n\t\t\t\t\t<div class=\"elementor-column elementor-col-50 elementor-inner-column elementor-element elementor-element-12a03b49\" data-id=\"12a03b49\" data-element_type=\"column\">\n\t\t\t<div class=\"elementor-widget-wrap elementor-element-populated\">\n\t\t\t\t\t\t<div class=\"elementor-element elementor-element-42cf17f8 elementor-widget-tablet__width-initial elementor-widget elementor-widget-hub_fancy_heading\" data-id=\"42cf17f8\" data-element_type=\"widget\" data-widget_type=\"hub_fancy_heading.default\">\n\t\t\t\t<div class=\"elementor-widget-container\">\n\t\t\t\t\t\n\t\t<div id=\"ld-fancy-heading-69f2e895a72cf\" class=\"ld-fancy-heading pos-rel\">\n\t\t\t<h2 class=\"ld-fh-element d-inline-block pos-rel  elementor-heading-title lqd-highlight-classic lqd-highlight-grow-left h2\"  > Fa\u00e7a parte!<\/h2>\t\t<\/div>\n\n\t\t\t\t\t\t<\/div>\n\t\t\t\t<\/div>\n\t\t\t\t\t<\/div>\n\t\t<\/div>\n\t\t\t\t<div class=\"elementor-column elementor-col-50 elementor-inner-column elementor-element elementor-element-2e0c853e\" data-id=\"2e0c853e\" data-element_type=\"column\">\n\t\t\t<div class=\"elementor-widget-wrap elementor-element-populated\">\n\t\t\t\t\t\t<div class=\"elementor-element elementor-element-3bd449c7 elementor-align-right elementor-tablet-align-center elementor-widget-tablet__width-initial elementor-widget elementor-widget-ld_button\" data-id=\"3bd449c7\" data-element_type=\"widget\" data-widget_type=\"ld_button.default\">\n\t\t\t\t<div class=\"elementor-widget-container\">\n\t\t\t\t\t\n\t\t\t<a\n\t\t\t\thref=\"https:\/\/ministeriofazchover.com.br\/fernandinho\/escola\/\"class=\"elementor-button btn btn-solid btn-icon-right btn-hover-reveal btn-has-label\"\t\t\t>\n\t\t\t\t\t\t\t\t\t<span data-text=\"+ Informa\u00e7\u00f5es\" class=\"btn-txt\">\n\t\t\t\t\t\t+ Informa\u00e7\u00f5es\t\t\t\t\t<\/span>\n\t\t\t\t\t\t\t\t\t\t\t\t\t\t<span class=\"btn-icon\">\n\t\t\t\t\t\t\t<i aria-hidden=\"true\" class=\"lqd-icn-ess icon-md-arrow-forward\"><\/i>\t\t\t\t\t\t<\/span>\n\t\t\t\t\t\t\t\t\t<\/a>\n\t\t\t\t\t\t\t<\/div>\n\t\t\t\t<\/div>\n\t\t\t\t\t<\/div>\n\t\t<\/div>\n\t\t\t\t\t<\/div>\n\t\t<\/section>\n\t\t\t\t\t<\/div>\n\t\t<\/div>\n\t\t\t\t\t<\/div>\n\t\t<\/section>\n\t\t\t\t<\/div>\n\t\t","protected":false},"excerpt":{"rendered":"<p>Muitos ministros enfrentam um dilema: trabalham, se esfor\u00e7am, buscam oportunidades, mas o minist\u00e9rio parece n\u00e3o avan\u00e7ar. A frustra\u00e7\u00e3o bate, as d\u00favidas surgem, e logo se pensa que talvez Deus tenha se esquecido ou que o chamado foi uma ilus\u00e3o. Mas a realidade \u00e9 que o problema n\u00e3o est\u00e1 em Deus, mas em n\u00f3s. Existem barreiras que impedem o crescimento de um minist\u00e9rio, e algumas delas precisam ser enfrentadas com urg\u00eancia.<\/p>\n","protected":false},"author":3,"featured_media":7746,"comment_status":"closed","ping_status":"closed","sticky":false,"template":"","format":"standard","meta":{"footnotes":""},"categories":[44,34],"tags":[81,84,86,80,71],"class_list":["post-7745","post","type-post","status-publish","format-standard","has-post-thumbnail","hentry","category-direto-ao-assunto","category-igreja","tag-confianca","tag-confiar-em-jesus","tag-crescimento","tag-entrega","tag-ministerio"],"_links":{"self":[{"href":"https:\/\/ministeriofazchover.com.br\/fernandinho\/wp-json\/wp\/v2\/posts\/7745","targetHints":{"allow":["GET"]}}],"collection":[{"href":"https:\/\/ministeriofazchover.com.br\/fernandinho\/wp-json\/wp\/v2\/posts"}],"about":[{"href":"https:\/\/ministeriofazchover.com.br\/fernandinho\/wp-json\/wp\/v2\/types\/post"}],"author":[{"embeddable":true,"href":"https:\/\/ministeriofazchover.com.br\/fernandinho\/wp-json\/wp\/v2\/users\/3"}],"replies":[{"embeddable":true,"href":"https:\/\/ministeriofazchover.com.br\/fernandinho\/wp-json\/wp\/v2\/comments?post=7745"}],"version-history":[{"count":7,"href":"https:\/\/ministeriofazchover.com.br\/fernandinho\/wp-json\/wp\/v2\/posts\/7745\/revisions"}],"predecessor-version":[{"id":7753,"href":"https:\/\/ministeriofazchover.com.br\/fernandinho\/wp-json\/wp\/v2\/posts\/7745\/revisions\/7753"}],"wp:featuredmedia":[{"embeddable":true,"href":"https:\/\/ministeriofazchover.com.br\/fernandinho\/wp-json\/wp\/v2\/media\/7746"}],"wp:attachment":[{"href":"https:\/\/ministeriofazchover.com.br\/fernandinho\/wp-json\/wp\/v2\/media?parent=7745"}],"wp:term":[{"taxonomy":"category","embeddable":true,"href":"https:\/\/ministeriofazchover.com.br\/fernandinho\/wp-json\/wp\/v2\/categories?post=7745"},{"taxonomy":"post_tag","embeddable":true,"href":"https:\/\/ministeriofazchover.com.br\/fernandinho\/wp-json\/wp\/v2\/tags?post=7745"}],"curies":[{"name":"wp","href":"https:\/\/api.w.org\/{rel}","templated":true}]}}