{"id":8062,"date":"2025-04-11T10:05:58","date_gmt":"2025-04-11T13:05:58","guid":{"rendered":"https:\/\/ministeriofazchover.com.br\/fernandinho\/?p=8062"},"modified":"2025-04-11T10:22:34","modified_gmt":"2025-04-11T13:22:34","slug":"arrependimento-a-raiz-da-transformacao","status":"publish","type":"post","link":"https:\/\/ministeriofazchover.com.br\/fernandinho\/arrependimento-a-raiz-da-transformacao\/","title":{"rendered":"ARREPENDIMENTO: A RAIZ DA TRANSFORMA\u00c7\u00c3O"},"content":{"rendered":"\t\t<div data-elementor-type=\"wp-post\" data-elementor-id=\"8062\" class=\"elementor elementor-8062\">\n\t\t\t\t\t\t<section class=\"elementor-section elementor-top-section elementor-element elementor-element-16f3edf5 elementor-section-boxed elementor-section-height-default elementor-section-height-default\" data-id=\"16f3edf5\" data-element_type=\"section\">\n\t\t\t\t\t\t<div class=\"elementor-container elementor-column-gap-default\">\n\t\t\t\t\t<div class=\"elementor-column elementor-col-100 elementor-top-column elementor-element elementor-element-4319d734\" data-id=\"4319d734\" data-element_type=\"column\">\n\t\t\t<div class=\"elementor-widget-wrap elementor-element-populated\">\n\t\t\t\t\t\t<div class=\"elementor-element elementor-element-aeaec08 elementor-widget elementor-widget-text-editor\" data-id=\"aeaec08\" data-element_type=\"widget\" data-widget_type=\"text-editor.default\">\n\t\t\t\t<div class=\"elementor-widget-container\">\n\t\t\t\t\t\t\t\t\t<p><span style=\"font-weight: 400;\">Em sua mensagem durante a confer\u00eancia Faz Chover de 2024, Daniel Souza nos convida a retornar ao princ\u00edpio, n\u00e3o apenas ao in\u00edcio de uma hist\u00f3ria, mas ao fundamento do relacionamento entre Deus e o homem. Com base em G\u00eanesis 3, ele nos conduz a uma reflex\u00e3o profunda sobre o arrependimento, n\u00e3o como um sentimento vago, mas como uma decis\u00e3o radical de rendi\u00e7\u00e3o.<\/span><\/p><h3><b>A origem da rebeli\u00e3o<\/b><\/h3><p><span style=\"font-weight: 400;\">No \u00c9den, Deus havia estabelecido uma ordem: n\u00e3o comer da \u00e1rvore do conhecimento do bem e do mal. A serpente, por\u00e9m, oferece tr\u00eas promessas enganosas: que o homem pode ser seu pr\u00f3prio deus, decidir o certo e o errado por si s\u00f3 e que n\u00e3o haver\u00e1 consequ\u00eancias. A decis\u00e3o de Ad\u00e3o e Eva, ao desobedecerem, foi mais do que um ato \u2014 foi uma declara\u00e7\u00e3o de independ\u00eancia de Deus. E \u00e9 essa a raiz da rebeli\u00e3o: a tentativa humana de viver \u00e0 parte da autoridade divina.<\/span><\/p><p><span style=\"font-weight: 400;\">Desde ent\u00e3o, todos herdamos esse v\u00edrus da rebeli\u00e3o. Romanos 3 e 5 deixam claro: todos pecaram, e todos morreram espiritualmente. A \u00fanica resposta poss\u00edvel diante dessa condi\u00e7\u00e3o \u00e9 o arrependimento.<\/span><\/p><h3><b>Arrependimento: metanoia<\/b><\/h3><p><span style=\"font-weight: 400;\">Arrependimento significa metanoia: mudan\u00e7a de mente, de cora\u00e7\u00e3o e de dire\u00e7\u00e3o. \u00c9 cortar o mal pela raiz. N\u00e3o basta tratar os frutos ruins \u2014 \u00e9 preciso arrancar a \u00e1rvore do orgulho, da independ\u00eancia e da autossufici\u00eancia. Como Jo\u00e3o Batista declarou em Mateus 3: \u201cJ\u00e1 est\u00e1 posto o machado \u00e0 raiz da \u00e1rvore\u201d.<\/span><\/p><p><span style=\"font-weight: 400;\">Daniel nos lembra que arrependimento e f\u00e9 s\u00e3o como duas asas de uma \u00e1guia: \u00e9 imposs\u00edvel viver plenamente a vida crist\u00e3 com apenas uma. O arrependimento nos reposiciona diante de Deus; a f\u00e9 nos permite confiar e obedecer \u00e0 Sua voz. A aus\u00eancia de uma dessas asas gera duas distor\u00e7\u00f5es comuns: a religiosidade (arrependimento sem f\u00e9) e a hipocrisia (f\u00e9 sem arrependimento).<\/span><\/p><h3><b>Arrependimento \u00e9 porta e caminho<\/b><\/h3><p><span style=\"font-weight: 400;\">Ao pregar em Atos 2, Pedro responde ao clamor da multid\u00e3o com uma convoca\u00e7\u00e3o clara: \u201cArrependei-vos\u201d. Essa \u00e9 a porta do Reino, o primeiro passo da nova vida com Cristo. \u00c9 tamb\u00e9m o caminho que percorremos todos os dias. Arrependimento n\u00e3o \u00e9 apenas para o in\u00edcio da f\u00e9 \u2014 \u00e9 um estilo de vida para quem deseja seguir a Jesus.<\/span><\/p><p><span style=\"font-weight: 400;\">\u00c9 por isso que arrependimento aparece em toda a prega\u00e7\u00e3o do Novo Testamento. Jesus, Jo\u00e3o Batista, os ap\u00f3stolos e a igreja primitiva tinham uma mensagem clara: arrependam-se e creiam.<\/span><\/p><h3><b>A dor que traz alegria<\/b><\/h3><p><span style=\"font-weight: 400;\">Daniel ressalta que o arrependimento come\u00e7a com tristeza \u2014 n\u00e3o qualquer tristeza, mas aquela \u201csegundo Deus\u201d, que produz salva\u00e7\u00e3o (2 Cor\u00edntios 7.10). \u00c9 a dor de reconhecer nossa arrog\u00e2ncia e rebeli\u00e3o, mas que nos conduz \u00e0 alegria duradoura de viver sob o governo de Deus, no Reino de justi\u00e7a, paz e alegria no Esp\u00edrito Santo.<\/span><\/p><h3><b>Entregar o governo<\/b><\/h3><p><span style=\"font-weight: 400;\">Por fim, ele nos chama a uma decis\u00e3o pr\u00e1tica: quem governa sua vida? Ainda comemos do fruto proibido sempre que decidimos por n\u00f3s mesmos o que \u00e9 certo e errado, ignorando a palavra de Deus. Arrependimento \u00e9 abrir m\u00e3o do controle, descer do trono e deixar que Cristo reine.<\/span><\/p><p><b>O arrependimento n\u00e3o \u00e9 uma emo\u00e7\u00e3o, \u00e9 rendi\u00e7\u00e3o.<\/b><b><br \/><\/b><span style=\"font-weight: 400;\">\u00c9 a entrega do cora\u00e7\u00e3o, da mente e da vontade \u00c0quele que nos criou e sabe o que \u00e9 melhor.<\/span><\/p>\t\t\t\t\t\t\t\t<\/div>\n\t\t\t\t<\/div>\n\t\t\t\t\t<\/div>\n\t\t<\/div>\n\t\t\t\t\t<\/div>\n\t\t<\/section>\n\t\t\t\t<section class=\"elementor-section elementor-inner-section elementor-element elementor-element-347a4e04 elementor-section-boxed elementor-section-height-default elementor-section-height-default\" data-id=\"347a4e04\" data-element_type=\"section\" data-settings=\"{&quot;background_background&quot;:&quot;classic&quot;}\">\n\t\t\t\t\t\t<div class=\"elementor-container elementor-column-gap-default\">\n\t\t\t\t\t<div class=\"elementor-column elementor-col-100 elementor-inner-column elementor-element elementor-element-581dc3fa\" data-id=\"581dc3fa\" data-element_type=\"column\">\n\t\t\t<div class=\"elementor-widget-wrap elementor-element-populated\">\n\t\t\t\t\t\t<div class=\"elementor-element elementor-element-7dd6932a elementor-widget elementor-widget-hub_fancy_heading\" data-id=\"7dd6932a\" data-element_type=\"widget\" data-widget_type=\"hub_fancy_heading.default\">\n\t\t\t\t<div class=\"elementor-widget-container\">\n\t\t\t\t\t\n\t\t<div id=\"ld-fancy-heading-69f410d5469d6\" class=\"ld-fancy-heading pos-rel\">\n\t\t\t<p class=\"ld-fh-element d-inline-block pos-rel  lqd-highlight-classic lqd-highlight-grow-left h4\"  > Que cada um de n\u00f3s possa viver essa transforma\u00e7\u00e3o e responder ao chamado de Jesus:\n<b>\u201cSegue-me.\u201d<\/b><\/p>\t\t<\/div>\n\n\t\t\t\t\t\t<\/div>\n\t\t\t\t<\/div>\n\t\t\t\t\t<\/div>\n\t\t<\/div>\n\t\t\t\t\t<\/div>\n\t\t<\/section>\n\t\t\t\t<section class=\"elementor-section elementor-top-section elementor-element elementor-element-6c6e9fdb elementor-section-boxed elementor-section-height-default elementor-section-height-default\" data-id=\"6c6e9fdb\" data-element_type=\"section\">\n\t\t\t\t\t\t<div class=\"elementor-container elementor-column-gap-default\">\n\t\t\t\t\t<div class=\"elementor-column elementor-col-100 elementor-top-column elementor-element elementor-element-7b6b7d8f\" data-id=\"7b6b7d8f\" data-element_type=\"column\">\n\t\t\t<div class=\"elementor-widget-wrap elementor-element-populated\">\n\t\t\t\t\t\t<section class=\"elementor-section elementor-inner-section elementor-element elementor-element-464d7254 elementor-section-boxed elementor-section-height-default elementor-section-height-default\" data-id=\"464d7254\" data-element_type=\"section\" data-settings=\"{&quot;background_background&quot;:&quot;classic&quot;}\">\n\t\t\t\t\t\t<div class=\"elementor-container elementor-column-gap-default\">\n\t\t\t\t\t<div class=\"elementor-column elementor-col-50 elementor-inner-column elementor-element elementor-element-12a03b49\" data-id=\"12a03b49\" data-element_type=\"column\">\n\t\t\t<div class=\"elementor-widget-wrap elementor-element-populated\">\n\t\t\t\t\t\t<div class=\"elementor-element elementor-element-42cf17f8 elementor-widget-tablet__width-initial elementor-widget elementor-widget-hub_fancy_heading\" data-id=\"42cf17f8\" data-element_type=\"widget\" data-widget_type=\"hub_fancy_heading.default\">\n\t\t\t\t<div class=\"elementor-widget-container\">\n\t\t\t\t\t\n\t\t<div id=\"ld-fancy-heading-69f410d547387\" class=\"ld-fancy-heading pos-rel\">\n\t\t\t<h2 class=\"ld-fh-element d-inline-block pos-rel  elementor-heading-title lqd-highlight-classic lqd-highlight-grow-left h2\"  > Fa\u00e7a parte!<\/h2>\t\t<\/div>\n\n\t\t\t\t\t\t<\/div>\n\t\t\t\t<\/div>\n\t\t\t\t\t<\/div>\n\t\t<\/div>\n\t\t\t\t<div class=\"elementor-column elementor-col-50 elementor-inner-column elementor-element elementor-element-2e0c853e\" data-id=\"2e0c853e\" data-element_type=\"column\">\n\t\t\t<div class=\"elementor-widget-wrap elementor-element-populated\">\n\t\t\t\t\t\t<div class=\"elementor-element elementor-element-3bd449c7 elementor-align-right elementor-tablet-align-center elementor-widget-tablet__width-initial elementor-widget elementor-widget-ld_button\" data-id=\"3bd449c7\" data-element_type=\"widget\" data-widget_type=\"ld_button.default\">\n\t\t\t\t<div class=\"elementor-widget-container\">\n\t\t\t\t\t\n\t\t\t<a\n\t\t\t\thref=\"https:\/\/ministeriofazchover.com.br\/fernandinho\/escola\/\"class=\"elementor-button btn btn-solid btn-icon-right btn-hover-reveal btn-has-label\"\t\t\t>\n\t\t\t\t\t\t\t\t\t<span data-text=\"+ Informa\u00e7\u00f5es\" class=\"btn-txt\">\n\t\t\t\t\t\t+ Informa\u00e7\u00f5es\t\t\t\t\t<\/span>\n\t\t\t\t\t\t\t\t\t\t\t\t\t\t<span class=\"btn-icon\">\n\t\t\t\t\t\t\t<i aria-hidden=\"true\" class=\"lqd-icn-ess icon-md-arrow-forward\"><\/i>\t\t\t\t\t\t<\/span>\n\t\t\t\t\t\t\t\t\t<\/a>\n\t\t\t\t\t\t\t<\/div>\n\t\t\t\t<\/div>\n\t\t\t\t\t<\/div>\n\t\t<\/div>\n\t\t\t\t\t<\/div>\n\t\t<\/section>\n\t\t\t\t\t<\/div>\n\t\t<\/div>\n\t\t\t\t\t<\/div>\n\t\t<\/section>\n\t\t\t\t<\/div>\n\t\t","protected":false},"excerpt":{"rendered":"<p>Em sua mensagem durante a confer\u00eancia Faz Chover de 2024, Daniel Souza nos convida a retornar ao princ\u00edpio, n\u00e3o apenas ao in\u00edcio de uma hist\u00f3ria, mas ao fundamento do relacionamento entre Deus e o homem.<\/p>\n","protected":false},"author":3,"featured_media":8068,"comment_status":"closed","ping_status":"closed","sticky":false,"template":"","format":"standard","meta":{"footnotes":""},"categories":[44,41,31],"tags":[73,88,100,87,101,50,98],"class_list":["post-8062","post","type-post","status-publish","format-standard","has-post-thumbnail","hentry","category-direto-ao-assunto","category-estudos","category-jornada-crista","tag-arrependimento","tag-evangelho","tag-gloria","tag-jesus-cristo","tag-metanoia","tag-transformacao","tag-verbo"],"_links":{"self":[{"href":"https:\/\/ministeriofazchover.com.br\/fernandinho\/wp-json\/wp\/v2\/posts\/8062","targetHints":{"allow":["GET"]}}],"collection":[{"href":"https:\/\/ministeriofazchover.com.br\/fernandinho\/wp-json\/wp\/v2\/posts"}],"about":[{"href":"https:\/\/ministeriofazchover.com.br\/fernandinho\/wp-json\/wp\/v2\/types\/post"}],"author":[{"embeddable":true,"href":"https:\/\/ministeriofazchover.com.br\/fernandinho\/wp-json\/wp\/v2\/users\/3"}],"replies":[{"embeddable":true,"href":"https:\/\/ministeriofazchover.com.br\/fernandinho\/wp-json\/wp\/v2\/comments?post=8062"}],"version-history":[{"count":7,"href":"https:\/\/ministeriofazchover.com.br\/fernandinho\/wp-json\/wp\/v2\/posts\/8062\/revisions"}],"predecessor-version":[{"id":8071,"href":"https:\/\/ministeriofazchover.com.br\/fernandinho\/wp-json\/wp\/v2\/posts\/8062\/revisions\/8071"}],"wp:featuredmedia":[{"embeddable":true,"href":"https:\/\/ministeriofazchover.com.br\/fernandinho\/wp-json\/wp\/v2\/media\/8068"}],"wp:attachment":[{"href":"https:\/\/ministeriofazchover.com.br\/fernandinho\/wp-json\/wp\/v2\/media?parent=8062"}],"wp:term":[{"taxonomy":"category","embeddable":true,"href":"https:\/\/ministeriofazchover.com.br\/fernandinho\/wp-json\/wp\/v2\/categories?post=8062"},{"taxonomy":"post_tag","embeddable":true,"href":"https:\/\/ministeriofazchover.com.br\/fernandinho\/wp-json\/wp\/v2\/tags?post=8062"}],"curies":[{"name":"wp","href":"https:\/\/api.w.org\/{rel}","templated":true}]}}