{"id":8401,"date":"2025-10-20T12:09:02","date_gmt":"2025-10-20T15:09:02","guid":{"rendered":"https:\/\/ministeriofazchover.com.br\/fernandinho\/?p=8401"},"modified":"2025-10-10T12:10:14","modified_gmt":"2025-10-10T15:10:14","slug":"o-arrependimento-que-transforma","status":"publish","type":"post","link":"https:\/\/ministeriofazchover.com.br\/fernandinho\/o-arrependimento-que-transforma\/","title":{"rendered":"O ARREPENDIMENTO QUE TRANSFORMA"},"content":{"rendered":"\t\t<div data-elementor-type=\"wp-post\" data-elementor-id=\"8401\" class=\"elementor elementor-8401\">\n\t\t\t\t\t\t<section class=\"elementor-section elementor-top-section elementor-element elementor-element-16f3edf5 elementor-section-boxed elementor-section-height-default elementor-section-height-default\" data-id=\"16f3edf5\" data-element_type=\"section\">\n\t\t\t\t\t\t<div class=\"elementor-container elementor-column-gap-default\">\n\t\t\t\t\t<div class=\"elementor-column elementor-col-100 elementor-top-column elementor-element elementor-element-4319d734\" data-id=\"4319d734\" data-element_type=\"column\">\n\t\t\t<div class=\"elementor-widget-wrap elementor-element-populated\">\n\t\t\t\t\t\t<div class=\"elementor-element elementor-element-aeaec08 elementor-widget elementor-widget-text-editor\" data-id=\"aeaec08\" data-element_type=\"widget\" data-widget_type=\"text-editor.default\">\n\t\t\t\t<div class=\"elementor-widget-container\">\n\t\t\t\t\t\t\t\t\t<p><span style=\"font-weight: 400;\">Quando falamos sobre o futuro, muitos pensam em mudan\u00e7as pol\u00edticas, econ\u00f4micas ou sociais. Mas a B\u00edblia nos mostra que nenhuma transforma\u00e7\u00e3o verdadeira come\u00e7a de fora para dentro. A mudan\u00e7a real come\u00e7a no cora\u00e7\u00e3o. O que o mais precisamos n\u00e3o \u00e9 de novas estrat\u00e9gias humanas, mas de um <\/span><b>avivamento de arrependimento<\/b><span style=\"font-weight: 400;\">.<\/span><\/p><p><span style=\"font-weight: 400;\">O arrependimento n\u00e3o \u00e9 apenas sentir remorso ou tristeza pelo pecado. \u00c9 uma decis\u00e3o de voltar-se para Deus, de mudar a mente e a dire\u00e7\u00e3o da vida. Jesus disse:<\/span><\/p>\t\t\t\t\t\t\t\t<\/div>\n\t\t\t\t<\/div>\n\t\t\t\t\t<\/div>\n\t\t<\/div>\n\t\t\t\t\t<\/div>\n\t\t<\/section>\n\t\t\t\t<section class=\"elementor-section elementor-top-section elementor-element elementor-element-91d8abf elementor-section-boxed elementor-section-height-default elementor-section-height-default\" data-id=\"91d8abf\" data-element_type=\"section\" data-settings=\"{&quot;background_background&quot;:&quot;classic&quot;}\">\n\t\t\t\t\t\t<div class=\"elementor-container elementor-column-gap-default\">\n\t\t\t\t\t<div class=\"elementor-column elementor-col-100 elementor-top-column elementor-element elementor-element-abfec7d\" data-id=\"abfec7d\" data-element_type=\"column\">\n\t\t\t<div class=\"elementor-widget-wrap elementor-element-populated\">\n\t\t\t\t\t\t<div class=\"elementor-element elementor-element-3300b21 elementor-widget elementor-widget-text-editor\" data-id=\"3300b21\" data-element_type=\"widget\" data-widget_type=\"text-editor.default\">\n\t\t\t\t<div class=\"elementor-widget-container\">\n\t\t\t\t\t\t\t\t\t<p><strong><i>\u201cArrependam-se, pois o Reino dos c\u00e9us est\u00e1 pr\u00f3ximo\u201d<\/i> <\/strong><\/p>\t\t\t\t\t\t\t\t<\/div>\n\t\t\t\t<\/div>\n\t\t\t\t<div class=\"elementor-element elementor-element-368c895 elementor-widget-divider--view-line elementor-widget elementor-widget-divider\" data-id=\"368c895\" data-element_type=\"widget\" data-widget_type=\"divider.default\">\n\t\t\t\t<div class=\"elementor-widget-container\">\n\t\t\t\t\t\t\t<div class=\"elementor-divider\">\n\t\t\t<span class=\"elementor-divider-separator\">\n\t\t\t\t\t\t<\/span>\n\t\t<\/div>\n\t\t\t\t\t\t<\/div>\n\t\t\t\t<\/div>\n\t\t\t\t<div class=\"elementor-element elementor-element-01ebfa0 elementor-widget elementor-widget-hub_fancy_heading\" data-id=\"01ebfa0\" data-element_type=\"widget\" data-widget_type=\"hub_fancy_heading.default\">\n\t\t\t\t<div class=\"elementor-widget-container\">\n\t\t\t\t\t\n\t\t<div id=\"ld-fancy-heading-69f77701c1ad2\" class=\"ld-fancy-heading pos-rel\">\n\t\t\t<h6 class=\"ld-fh-element d-inline-block pos-rel  elementor-heading-title lqd-highlight-classic lqd-highlight-grow-left h6\"  > Mateus 4:17<\/h6>\t\t<\/div>\n\n\t\t\t\t\t\t<\/div>\n\t\t\t\t<\/div>\n\t\t\t\t\t<\/div>\n\t\t<\/div>\n\t\t\t\t\t<\/div>\n\t\t<\/section>\n\t\t\t\t<section class=\"elementor-section elementor-top-section elementor-element elementor-element-791f935 elementor-section-boxed elementor-section-height-default elementor-section-height-default\" data-id=\"791f935\" data-element_type=\"section\">\n\t\t\t\t\t\t<div class=\"elementor-container elementor-column-gap-default\">\n\t\t\t\t\t<div class=\"elementor-column elementor-col-100 elementor-top-column elementor-element elementor-element-4247e3c\" data-id=\"4247e3c\" data-element_type=\"column\">\n\t\t\t<div class=\"elementor-widget-wrap elementor-element-populated\">\n\t\t\t\t\t\t<div class=\"elementor-element elementor-element-d143ffd elementor-widget elementor-widget-text-editor\" data-id=\"d143ffd\" data-element_type=\"widget\" data-widget_type=\"text-editor.default\">\n\t\t\t\t<div class=\"elementor-widget-container\">\n\t\t\t\t\t\t\t\t\t<p><span style=\"font-weight: 400;\">Seguir a Cristo exige uma vida de cont\u00ednua entrega, em que reconhecemos nossas falhas e nos rendemos \u00e0 sua vontade.<\/span><\/p><h3><b>Arrependimento Coletivo<\/b><\/h3><p><span style=\"font-weight: 400;\">Assim como aconteceu nos dias de Daniel, quando ele confessou n\u00e3o apenas os pr\u00f3prios pecados, mas tamb\u00e9m os de todo o povo (Daniel 9), n\u00f3s, como na\u00e7\u00e3o, precisamos de um clamor coletivo. Precisamos reconhecer que muitas vezes a igreja se conformou ao mundo, perdeu a sensibilidade ao Esp\u00edrito Santo e tolerou aquilo que deveria rejeitar. Antes de pedir que Deus mude nosso pa\u00eds, precisamos pedir que Ele mude a sua igreja.<\/span><\/p><p><span style=\"font-weight: 400;\">A transforma\u00e7\u00e3o acontece quando o arrependimento \u00e9 profundo e genu\u00edno. N\u00e3o \u00e9 uma campanha passageira, mas um estilo de vida. Um cora\u00e7\u00e3o quebrantado abre espa\u00e7o para o Esp\u00edrito Santo agir. Sem arrependimento, n\u00e3o h\u00e1 avivamento. Sem rendi\u00e7\u00e3o, n\u00e3o h\u00e1 liberdade. \u00c9 por isso que o Senhor nos chama a parar, a ouvir sua voz e a chorar diante dEle pelo pecado.<\/span><\/p><h3><b>O Brasil Precisa de L\u00e1grimas<\/b><\/h3><p><span style=\"font-weight: 400;\">Nosso pa\u00eds n\u00e3o ser\u00e1 restaurado apenas por discursos, estrat\u00e9gias ou manifesta\u00e7\u00f5es. Precisamos voltar a chorar diante do Senhor, reconhecendo nossa depend\u00eancia. Precisamos clamar como Ana: <\/span><i><span style=\"font-weight: 400;\">\u201cSenhor, faz de novo!\u201d<\/span><\/i><span style=\"font-weight: 400;\"> Foi em l\u00e1grimas que ela gerou Samuel, o profeta que traria de volta a voz de Deus a Israel. Assim tamb\u00e9m ser\u00e1 conosco: s\u00f3 haver\u00e1 uma nova gera\u00e7\u00e3o de disc\u00edpulos quando houver quebrantamento diante de Deus.<\/span><\/p>\t\t\t\t\t\t\t\t<\/div>\n\t\t\t\t<\/div>\n\t\t\t\t\t<\/div>\n\t\t<\/div>\n\t\t\t\t\t<\/div>\n\t\t<\/section>\n\t\t\t\t<section class=\"elementor-section elementor-inner-section elementor-element elementor-element-347a4e04 elementor-section-boxed elementor-section-height-default elementor-section-height-default\" data-id=\"347a4e04\" data-element_type=\"section\" data-settings=\"{&quot;background_background&quot;:&quot;classic&quot;}\">\n\t\t\t\t\t\t<div class=\"elementor-container elementor-column-gap-default\">\n\t\t\t\t\t<div class=\"elementor-column elementor-col-100 elementor-inner-column elementor-element elementor-element-581dc3fa\" data-id=\"581dc3fa\" data-element_type=\"column\">\n\t\t\t<div class=\"elementor-widget-wrap elementor-element-populated\">\n\t\t\t\t\t\t<div class=\"elementor-element elementor-element-7dd6932a elementor-widget elementor-widget-hub_fancy_heading\" data-id=\"7dd6932a\" data-element_type=\"widget\" data-widget_type=\"hub_fancy_heading.default\">\n\t\t\t\t<div class=\"elementor-widget-container\">\n\t\t\t\t\t\n\t\t<div id=\"ld-fancy-heading-69f77701c28d2\" class=\"ld-fancy-heading pos-rel\">\n\t\t\t<p class=\"ld-fh-element d-inline-block pos-rel  lqd-highlight-classic lqd-highlight-grow-left h4\"  > \"A verdadeira transforma\u00e7\u00e3o n\u00e3o come\u00e7a nas ruas, mas no cora\u00e7\u00e3o \u2014 quando o arrependimento gera l\u00e1grimas, e as l\u00e1grimas geram avivamento.\"<\/p>\t\t<\/div>\n\n\t\t\t\t\t\t<\/div>\n\t\t\t\t<\/div>\n\t\t\t\t\t<\/div>\n\t\t<\/div>\n\t\t\t\t\t<\/div>\n\t\t<\/section>\n\t\t\t\t<section class=\"elementor-section elementor-top-section elementor-element elementor-element-6c6e9fdb elementor-section-boxed elementor-section-height-default elementor-section-height-default\" data-id=\"6c6e9fdb\" data-element_type=\"section\">\n\t\t\t\t\t\t<div class=\"elementor-container elementor-column-gap-default\">\n\t\t\t\t\t<div class=\"elementor-column elementor-col-100 elementor-top-column elementor-element elementor-element-7b6b7d8f\" data-id=\"7b6b7d8f\" data-element_type=\"column\">\n\t\t\t<div class=\"elementor-widget-wrap elementor-element-populated\">\n\t\t\t\t\t\t<section class=\"elementor-section elementor-inner-section elementor-element elementor-element-464d7254 elementor-section-boxed elementor-section-height-default elementor-section-height-default\" data-id=\"464d7254\" data-element_type=\"section\" data-settings=\"{&quot;background_background&quot;:&quot;classic&quot;}\">\n\t\t\t\t\t\t<div class=\"elementor-container elementor-column-gap-default\">\n\t\t\t\t\t<div class=\"elementor-column elementor-col-50 elementor-inner-column elementor-element elementor-element-12a03b49\" data-id=\"12a03b49\" data-element_type=\"column\">\n\t\t\t<div class=\"elementor-widget-wrap elementor-element-populated\">\n\t\t\t\t\t\t<div class=\"elementor-element elementor-element-42cf17f8 elementor-widget-tablet__width-initial elementor-widget elementor-widget-hub_fancy_heading\" data-id=\"42cf17f8\" data-element_type=\"widget\" data-widget_type=\"hub_fancy_heading.default\">\n\t\t\t\t<div class=\"elementor-widget-container\">\n\t\t\t\t\t\n\t\t<div id=\"ld-fancy-heading-69f77701c314e\" class=\"ld-fancy-heading pos-rel\">\n\t\t\t<h2 class=\"ld-fh-element d-inline-block pos-rel  elementor-heading-title lqd-highlight-classic lqd-highlight-grow-left h2\"  > Fa\u00e7a parte!<\/h2>\t\t<\/div>\n\n\t\t\t\t\t\t<\/div>\n\t\t\t\t<\/div>\n\t\t\t\t\t<\/div>\n\t\t<\/div>\n\t\t\t\t<div class=\"elementor-column elementor-col-50 elementor-inner-column elementor-element elementor-element-2e0c853e\" data-id=\"2e0c853e\" data-element_type=\"column\">\n\t\t\t<div class=\"elementor-widget-wrap elementor-element-populated\">\n\t\t\t\t\t\t<div class=\"elementor-element elementor-element-3bd449c7 elementor-align-right elementor-tablet-align-center elementor-widget-tablet__width-initial elementor-widget elementor-widget-ld_button\" data-id=\"3bd449c7\" data-element_type=\"widget\" data-widget_type=\"ld_button.default\">\n\t\t\t\t<div class=\"elementor-widget-container\">\n\t\t\t\t\t\n\t\t\t<a\n\t\t\t\thref=\"https:\/\/ministeriofazchover.com.br\/fernandinho\/escola\/\"class=\"elementor-button btn btn-solid btn-icon-right btn-hover-reveal btn-has-label\"\t\t\t>\n\t\t\t\t\t\t\t\t\t<span data-text=\"+ Informa\u00e7\u00f5es\" class=\"btn-txt\">\n\t\t\t\t\t\t+ Informa\u00e7\u00f5es\t\t\t\t\t<\/span>\n\t\t\t\t\t\t\t\t\t\t\t\t\t\t<span class=\"btn-icon\">\n\t\t\t\t\t\t\t<i aria-hidden=\"true\" class=\"lqd-icn-ess icon-md-arrow-forward\"><\/i>\t\t\t\t\t\t<\/span>\n\t\t\t\t\t\t\t\t\t<\/a>\n\t\t\t\t\t\t\t<\/div>\n\t\t\t\t<\/div>\n\t\t\t\t\t<\/div>\n\t\t<\/div>\n\t\t\t\t\t<\/div>\n\t\t<\/section>\n\t\t\t\t\t<\/div>\n\t\t<\/div>\n\t\t\t\t\t<\/div>\n\t\t<\/section>\n\t\t\t\t<\/div>\n\t\t","protected":false},"excerpt":{"rendered":"<p>Quando falamos sobre o futuro, muitos pensam em mudan\u00e7as pol\u00edticas, econ\u00f4micas ou sociais. Mas a B\u00edblia nos mostra que nenhuma transforma\u00e7\u00e3o verdadeira come\u00e7a de fora para dentro. A mudan\u00e7a real come\u00e7a no cora\u00e7\u00e3o. O que o mais precisamos n\u00e3o \u00e9 de novas estrat\u00e9gias humanas, mas de um avivamento de arrependimento.<\/p>\n","protected":false},"author":3,"featured_media":8403,"comment_status":"closed","ping_status":"closed","sticky":false,"template":"","format":"standard","meta":{"footnotes":""},"categories":[44,41,32],"tags":[74,155,154],"class_list":["post-8401","post","type-post","status-publish","format-standard","has-post-thumbnail","hentry","category-direto-ao-assunto","category-estudos","category-louvor-e-adoracao","tag-igreja","tag-marcos-historicos","tag-restauracao"],"_links":{"self":[{"href":"https:\/\/ministeriofazchover.com.br\/fernandinho\/wp-json\/wp\/v2\/posts\/8401","targetHints":{"allow":["GET"]}}],"collection":[{"href":"https:\/\/ministeriofazchover.com.br\/fernandinho\/wp-json\/wp\/v2\/posts"}],"about":[{"href":"https:\/\/ministeriofazchover.com.br\/fernandinho\/wp-json\/wp\/v2\/types\/post"}],"author":[{"embeddable":true,"href":"https:\/\/ministeriofazchover.com.br\/fernandinho\/wp-json\/wp\/v2\/users\/3"}],"replies":[{"embeddable":true,"href":"https:\/\/ministeriofazchover.com.br\/fernandinho\/wp-json\/wp\/v2\/comments?post=8401"}],"version-history":[{"count":7,"href":"https:\/\/ministeriofazchover.com.br\/fernandinho\/wp-json\/wp\/v2\/posts\/8401\/revisions"}],"predecessor-version":[{"id":8409,"href":"https:\/\/ministeriofazchover.com.br\/fernandinho\/wp-json\/wp\/v2\/posts\/8401\/revisions\/8409"}],"wp:featuredmedia":[{"embeddable":true,"href":"https:\/\/ministeriofazchover.com.br\/fernandinho\/wp-json\/wp\/v2\/media\/8403"}],"wp:attachment":[{"href":"https:\/\/ministeriofazchover.com.br\/fernandinho\/wp-json\/wp\/v2\/media?parent=8401"}],"wp:term":[{"taxonomy":"category","embeddable":true,"href":"https:\/\/ministeriofazchover.com.br\/fernandinho\/wp-json\/wp\/v2\/categories?post=8401"},{"taxonomy":"post_tag","embeddable":true,"href":"https:\/\/ministeriofazchover.com.br\/fernandinho\/wp-json\/wp\/v2\/tags?post=8401"}],"curies":[{"name":"wp","href":"https:\/\/api.w.org\/{rel}","templated":true}]}}