{"id":8498,"date":"2026-03-06T11:59:06","date_gmt":"2026-03-06T14:59:06","guid":{"rendered":"https:\/\/ministeriofazchover.com.br\/fernandinho\/?p=8498"},"modified":"2026-02-20T12:03:29","modified_gmt":"2026-02-20T15:03:29","slug":"formando-geracoes-que-adoram","status":"publish","type":"post","link":"https:\/\/ministeriofazchover.com.br\/fernandinho\/formando-geracoes-que-adoram\/","title":{"rendered":"FORMANDO GERA\u00c7\u00d5ES QUE ADORAM"},"content":{"rendered":"\t\t<div data-elementor-type=\"wp-post\" data-elementor-id=\"8498\" class=\"elementor elementor-8498\">\n\t\t\t\t\t\t<section class=\"elementor-section elementor-top-section elementor-element elementor-element-16f3edf5 elementor-section-boxed elementor-section-height-default elementor-section-height-default\" data-id=\"16f3edf5\" data-element_type=\"section\">\n\t\t\t\t\t\t<div class=\"elementor-container elementor-column-gap-default\">\n\t\t\t\t\t<div class=\"elementor-column elementor-col-100 elementor-top-column elementor-element elementor-element-4319d734\" data-id=\"4319d734\" data-element_type=\"column\">\n\t\t\t<div class=\"elementor-widget-wrap elementor-element-populated\">\n\t\t\t\t\t\t<div class=\"elementor-element elementor-element-aeaec08 elementor-widget elementor-widget-text-editor\" data-id=\"aeaec08\" data-element_type=\"widget\" data-widget_type=\"text-editor.default\">\n\t\t\t\t<div class=\"elementor-widget-container\">\n\t\t\t\t\t\t\t\t\t<p><span style=\"font-weight: 400;\">Quando falamos de fam\u00edlia como altar, inevitavelmente falamos de legado. A f\u00e9 n\u00e3o \u00e9 algo que termina em uma gera\u00e7\u00e3o, mas deve ser transmitida, cultivada e fortalecida ao longo do tempo.<\/span><\/p><p><span style=\"font-weight: 400;\">A Escritura revela um Deus que se apresenta como \u201co Deus de Abra\u00e3o, de Isaque e de Jac\u00f3\u201d. Essa repeti\u00e7\u00e3o n\u00e3o \u00e9 apenas hist\u00f3rica; \u00e9 relacional. Ela aponta para uma f\u00e9 que atravessa gera\u00e7\u00f5es porque foi vivida de forma real.<\/span><\/p><p><span style=\"font-weight: 400;\">Formar gera\u00e7\u00f5es que adoram come\u00e7a pela compreens\u00e3o de que a espiritualidade n\u00e3o pode ser terceirizada.<\/span><\/p><h3><b>O risco de delegar o que \u00e9 responsabilidade<\/b><\/h3><p><span style=\"font-weight: 400;\">A igreja \u00e9 essencial. Ela ensina, corrige, fortalece e acompanha, mas n\u00e3o substitui o papel formador da fam\u00edlia. Quando toda a responsabilidade espiritual \u00e9 transferida ao ambiente congregacional, cria-se uma lacuna.<\/span><\/p><p><span style=\"font-weight: 400;\">O culto semanal \u00e9 importante, mas ele n\u00e3o sustenta sozinho uma vida de f\u00e9. O que consolida convic\u00e7\u00f5es \u00e9 a repeti\u00e7\u00e3o cotidiana da verdade em casa.<\/span><\/p>\t\t\t\t\t\t\t\t<\/div>\n\t\t\t\t<\/div>\n\t\t\t\t\t<\/div>\n\t\t<\/div>\n\t\t\t\t\t<\/div>\n\t\t<\/section>\n\t\t\t\t<section class=\"elementor-section elementor-top-section elementor-element elementor-element-91d8abf elementor-section-boxed elementor-section-height-default elementor-section-height-default\" data-id=\"91d8abf\" data-element_type=\"section\" data-settings=\"{&quot;background_background&quot;:&quot;classic&quot;}\">\n\t\t\t\t\t\t<div class=\"elementor-container elementor-column-gap-default\">\n\t\t\t\t\t<div class=\"elementor-column elementor-col-100 elementor-top-column elementor-element elementor-element-abfec7d\" data-id=\"abfec7d\" data-element_type=\"column\">\n\t\t\t<div class=\"elementor-widget-wrap elementor-element-populated\">\n\t\t\t\t\t\t<div class=\"elementor-element elementor-element-3300b21 elementor-widget elementor-widget-text-editor\" data-id=\"3300b21\" data-element_type=\"widget\" data-widget_type=\"text-editor.default\">\n\t\t\t\t<div class=\"elementor-widget-container\">\n\t\t\t\t\t\t\t\t\t<p><strong>\u201cN\u00e3o o encobriremos aos seus filhos; contaremos \u00e0 vindoura gera\u00e7\u00e3o os louvores do Senhor, e o seu poder, e as maravilhas que fez.\u201d<\/strong><\/p>\t\t\t\t\t\t\t\t<\/div>\n\t\t\t\t<\/div>\n\t\t\t\t<div class=\"elementor-element elementor-element-368c895 elementor-widget-divider--view-line elementor-widget elementor-widget-divider\" data-id=\"368c895\" data-element_type=\"widget\" data-widget_type=\"divider.default\">\n\t\t\t\t<div class=\"elementor-widget-container\">\n\t\t\t\t\t\t\t<div class=\"elementor-divider\">\n\t\t\t<span class=\"elementor-divider-separator\">\n\t\t\t\t\t\t<\/span>\n\t\t<\/div>\n\t\t\t\t\t\t<\/div>\n\t\t\t\t<\/div>\n\t\t\t\t<div class=\"elementor-element elementor-element-01ebfa0 elementor-widget elementor-widget-hub_fancy_heading\" data-id=\"01ebfa0\" data-element_type=\"widget\" data-widget_type=\"hub_fancy_heading.default\">\n\t\t\t\t<div class=\"elementor-widget-container\">\n\t\t\t\t\t\n\t\t<div id=\"ld-fancy-heading-69f29250b2a57\" class=\"ld-fancy-heading pos-rel\">\n\t\t\t<h6 class=\"ld-fh-element d-inline-block pos-rel  elementor-heading-title lqd-highlight-classic lqd-highlight-grow-left h6\"  > Salmos 78:4<\/h6>\t\t<\/div>\n\n\t\t\t\t\t\t<\/div>\n\t\t\t\t<\/div>\n\t\t\t\t\t<\/div>\n\t\t<\/div>\n\t\t\t\t\t<\/div>\n\t\t<\/section>\n\t\t\t\t<section class=\"elementor-section elementor-top-section elementor-element elementor-element-791f935 elementor-section-boxed elementor-section-height-default elementor-section-height-default\" data-id=\"791f935\" data-element_type=\"section\">\n\t\t\t\t\t\t<div class=\"elementor-container elementor-column-gap-default\">\n\t\t\t\t\t<div class=\"elementor-column elementor-col-100 elementor-top-column elementor-element elementor-element-4247e3c\" data-id=\"4247e3c\" data-element_type=\"column\">\n\t\t\t<div class=\"elementor-widget-wrap elementor-element-populated\">\n\t\t\t\t\t\t<div class=\"elementor-element elementor-element-d143ffd elementor-widget elementor-widget-text-editor\" data-id=\"d143ffd\" data-element_type=\"widget\" data-widget_type=\"text-editor.default\">\n\t\t\t\t<div class=\"elementor-widget-container\">\n\t\t\t\t\t\t\t\t\t<p><span style=\"font-weight: 400;\">Gera\u00e7\u00f5es que permanecem firmes n\u00e3o s\u00e3o formadas apenas por eventos espirituais marcantes, mas por uma const\u00e2ncia simples e intencional.<\/span><\/p><p><span style=\"font-weight: 400;\">Conquistas materiais, t\u00edtulos e realiza\u00e7\u00f5es t\u00eam seu valor, mas n\u00e3o atravessam gera\u00e7\u00f5es da mesma forma que um testemunho vivo de f\u00e9. O que permanece na mem\u00f3ria de filhos e netos \u00e9 a coer\u00eancia entre aquilo que se dizia e aquilo que se vivia.<\/span><\/p><p><span style=\"font-weight: 400;\">Uma fam\u00edlia que ora junta ensina depend\u00eancia. Uma fam\u00edlia que resolve conflitos \u00e0 luz da Palavra ensina submiss\u00e3o a Deus. Uma fam\u00edlia que prioriza o Senhor em suas decis\u00f5es comunica que ele ocupa o centro.<\/span><\/p><p><span style=\"font-weight: 400;\">O legado espiritual n\u00e3o \u00e9 constru\u00eddo em um momento isolado, mas no ac\u00famulo de escolhas feitas ao longo dos anos.<\/span><\/p><h3><b>Adora\u00e7\u00e3o que atravessa o tempo<\/b><\/h3><p><span style=\"font-weight: 400;\">No Antigo Testamento, o povo de Israel era constantemente chamado a lembrar dos feitos do Senhor e a cont\u00e1-los aos filhos. A mem\u00f3ria espiritual era parte da forma\u00e7\u00e3o da identidade.<\/span><\/p><p><span style=\"font-weight: 400;\">Quando as obras de Deus s\u00e3o celebradas e relembradas dentro da fam\u00edlia, cria-se uma narrativa de fidelidade que sustenta as pr\u00f3ximas gera\u00e7\u00f5es. A adora\u00e7\u00e3o, ent\u00e3o, deixa de ser apenas um ato individual e passa a ser uma heran\u00e7a compartilhada.<\/span><\/p><p><span style=\"font-weight: 400;\">Formar gera\u00e7\u00f5es que adoram n\u00e3o exige estruturas complexas, mas intencionalidade em reconhecer que cada decis\u00e3o tomada hoje ecoar\u00e1 amanh\u00e3.<\/span><\/p><p><span style=\"font-weight: 400;\">Sabemos que n\u00e3o \u00e9 poss\u00edvel controlar todas as escolhas futuras daqueles que v\u00eam depois. Mas \u00e9 nosso papel oferecer uma base s\u00f3lida. \u00c9 poss\u00edvel viver de forma que o amor por Deus seja vis\u00edvel, consistente e desej\u00e1vel.<\/span><\/p><p><span style=\"font-weight: 400;\">A fam\u00edlia como altar n\u00e3o \u00e9 um projeto te\u00f3rico. Quando a adora\u00e7\u00e3o \u00e9 vivida dentro de casa, ela ganha ra\u00edzes profundas o suficiente para atravessar o tempo.<\/span><\/p>\t\t\t\t\t\t\t\t<\/div>\n\t\t\t\t<\/div>\n\t\t\t\t\t<\/div>\n\t\t<\/div>\n\t\t\t\t\t<\/div>\n\t\t<\/section>\n\t\t\t\t<section class=\"elementor-section elementor-inner-section elementor-element elementor-element-347a4e04 elementor-section-boxed elementor-section-height-default elementor-section-height-default\" data-id=\"347a4e04\" data-element_type=\"section\" data-settings=\"{&quot;background_background&quot;:&quot;classic&quot;}\">\n\t\t\t\t\t\t<div class=\"elementor-container elementor-column-gap-default\">\n\t\t\t\t\t<div class=\"elementor-column elementor-col-100 elementor-inner-column elementor-element elementor-element-581dc3fa\" data-id=\"581dc3fa\" data-element_type=\"column\">\n\t\t\t<div class=\"elementor-widget-wrap elementor-element-populated\">\n\t\t\t\t\t\t<div class=\"elementor-element elementor-element-7dd6932a elementor-widget elementor-widget-hub_fancy_heading\" data-id=\"7dd6932a\" data-element_type=\"widget\" data-widget_type=\"hub_fancy_heading.default\">\n\t\t\t\t<div class=\"elementor-widget-container\">\n\t\t\t\t\t\n\t\t<div id=\"ld-fancy-heading-69f29250b381a\" class=\"ld-fancy-heading pos-rel\">\n\t\t\t<p class=\"ld-fh-element d-inline-block pos-rel  lqd-highlight-classic lqd-highlight-grow-left h4\"  > \u201cQuando a fam\u00edlia se torna altar, a f\u00e9 deixa de ser momento e passa a ser heran\u00e7a que atravessa gera\u00e7\u00f5es.\u201d<\/p>\t\t<\/div>\n\n\t\t\t\t\t\t<\/div>\n\t\t\t\t<\/div>\n\t\t\t\t\t<\/div>\n\t\t<\/div>\n\t\t\t\t\t<\/div>\n\t\t<\/section>\n\t\t\t\t<section class=\"elementor-section elementor-top-section elementor-element elementor-element-6c6e9fdb elementor-section-boxed elementor-section-height-default elementor-section-height-default\" data-id=\"6c6e9fdb\" data-element_type=\"section\">\n\t\t\t\t\t\t<div class=\"elementor-container elementor-column-gap-default\">\n\t\t\t\t\t<div class=\"elementor-column elementor-col-100 elementor-top-column elementor-element elementor-element-7b6b7d8f\" data-id=\"7b6b7d8f\" data-element_type=\"column\">\n\t\t\t<div class=\"elementor-widget-wrap elementor-element-populated\">\n\t\t\t\t\t\t<section class=\"elementor-section elementor-inner-section elementor-element elementor-element-464d7254 elementor-section-boxed elementor-section-height-default elementor-section-height-default\" data-id=\"464d7254\" data-element_type=\"section\" data-settings=\"{&quot;background_background&quot;:&quot;classic&quot;}\">\n\t\t\t\t\t\t<div class=\"elementor-container elementor-column-gap-default\">\n\t\t\t\t\t<div class=\"elementor-column elementor-col-50 elementor-inner-column elementor-element elementor-element-12a03b49\" data-id=\"12a03b49\" data-element_type=\"column\">\n\t\t\t<div class=\"elementor-widget-wrap elementor-element-populated\">\n\t\t\t\t\t\t<div class=\"elementor-element elementor-element-42cf17f8 elementor-widget-tablet__width-initial elementor-widget elementor-widget-hub_fancy_heading\" data-id=\"42cf17f8\" data-element_type=\"widget\" data-widget_type=\"hub_fancy_heading.default\">\n\t\t\t\t<div class=\"elementor-widget-container\">\n\t\t\t\t\t\n\t\t<div id=\"ld-fancy-heading-69f29250b402c\" class=\"ld-fancy-heading pos-rel\">\n\t\t\t<h2 class=\"ld-fh-element d-inline-block pos-rel  elementor-heading-title lqd-highlight-classic lqd-highlight-grow-left h2\"  > Fa\u00e7a parte!<\/h2>\t\t<\/div>\n\n\t\t\t\t\t\t<\/div>\n\t\t\t\t<\/div>\n\t\t\t\t\t<\/div>\n\t\t<\/div>\n\t\t\t\t<div class=\"elementor-column elementor-col-50 elementor-inner-column elementor-element elementor-element-2e0c853e\" data-id=\"2e0c853e\" data-element_type=\"column\">\n\t\t\t<div class=\"elementor-widget-wrap elementor-element-populated\">\n\t\t\t\t\t\t<div class=\"elementor-element elementor-element-3bd449c7 elementor-align-right elementor-tablet-align-center elementor-widget-tablet__width-initial elementor-widget elementor-widget-ld_button\" data-id=\"3bd449c7\" data-element_type=\"widget\" data-widget_type=\"ld_button.default\">\n\t\t\t\t<div class=\"elementor-widget-container\">\n\t\t\t\t\t\n\t\t\t<a\n\t\t\t\thref=\"https:\/\/ministeriofazchover.com.br\/fernandinho\/escola\/\"class=\"elementor-button btn btn-solid btn-icon-right btn-hover-reveal btn-has-label\"\t\t\t>\n\t\t\t\t\t\t\t\t\t<span data-text=\"+ Informa\u00e7\u00f5es\" class=\"btn-txt\">\n\t\t\t\t\t\t+ Informa\u00e7\u00f5es\t\t\t\t\t<\/span>\n\t\t\t\t\t\t\t\t\t\t\t\t\t\t<span class=\"btn-icon\">\n\t\t\t\t\t\t\t<i aria-hidden=\"true\" class=\"lqd-icn-ess icon-md-arrow-forward\"><\/i>\t\t\t\t\t\t<\/span>\n\t\t\t\t\t\t\t\t\t<\/a>\n\t\t\t\t\t\t\t<\/div>\n\t\t\t\t<\/div>\n\t\t\t\t\t<\/div>\n\t\t<\/div>\n\t\t\t\t\t<\/div>\n\t\t<\/section>\n\t\t\t\t\t<\/div>\n\t\t<\/div>\n\t\t\t\t\t<\/div>\n\t\t<\/section>\n\t\t\t\t<\/div>\n\t\t","protected":false},"excerpt":{"rendered":"<p>Quando falamos de fam\u00edlia como altar, inevitavelmente falamos de legado. A f\u00e9 n\u00e3o \u00e9 algo que termina em uma gera\u00e7\u00e3o, mas deve ser transmitida, cultivada e fortalecida ao longo do tempo.<\/p>\n","protected":false},"author":3,"featured_media":8484,"comment_status":"closed","ping_status":"closed","sticky":false,"template":"","format":"standard","meta":{"footnotes":""},"categories":[41,33,31],"tags":[167,157,151,70,170,169],"class_list":["post-8498","post","type-post","status-publish","format-standard","has-post-thumbnail","hentry","category-estudos","category-familia","category-jornada-crista","tag-altar","tag-cristao","tag-cristo-no-centro","tag-familia","tag-formacao-crista","tag-geracoes"],"_links":{"self":[{"href":"https:\/\/ministeriofazchover.com.br\/fernandinho\/wp-json\/wp\/v2\/posts\/8498","targetHints":{"allow":["GET"]}}],"collection":[{"href":"https:\/\/ministeriofazchover.com.br\/fernandinho\/wp-json\/wp\/v2\/posts"}],"about":[{"href":"https:\/\/ministeriofazchover.com.br\/fernandinho\/wp-json\/wp\/v2\/types\/post"}],"author":[{"embeddable":true,"href":"https:\/\/ministeriofazchover.com.br\/fernandinho\/wp-json\/wp\/v2\/users\/3"}],"replies":[{"embeddable":true,"href":"https:\/\/ministeriofazchover.com.br\/fernandinho\/wp-json\/wp\/v2\/comments?post=8498"}],"version-history":[{"count":4,"href":"https:\/\/ministeriofazchover.com.br\/fernandinho\/wp-json\/wp\/v2\/posts\/8498\/revisions"}],"predecessor-version":[{"id":8502,"href":"https:\/\/ministeriofazchover.com.br\/fernandinho\/wp-json\/wp\/v2\/posts\/8498\/revisions\/8502"}],"wp:featuredmedia":[{"embeddable":true,"href":"https:\/\/ministeriofazchover.com.br\/fernandinho\/wp-json\/wp\/v2\/media\/8484"}],"wp:attachment":[{"href":"https:\/\/ministeriofazchover.com.br\/fernandinho\/wp-json\/wp\/v2\/media?parent=8498"}],"wp:term":[{"taxonomy":"category","embeddable":true,"href":"https:\/\/ministeriofazchover.com.br\/fernandinho\/wp-json\/wp\/v2\/categories?post=8498"},{"taxonomy":"post_tag","embeddable":true,"href":"https:\/\/ministeriofazchover.com.br\/fernandinho\/wp-json\/wp\/v2\/tags?post=8498"}],"curies":[{"name":"wp","href":"https:\/\/api.w.org\/{rel}","templated":true}]}}